{"id":13537,"date":"2025-03-24T14:41:32","date_gmt":"2025-03-24T17:41:32","guid":{"rendered":"https:\/\/laserenaradio.cl\/web\/?p=13537"},"modified":"2025-03-24T14:41:32","modified_gmt":"2025-03-24T17:41:32","slug":"ministro-de-hacienda-destaca-mejoria-economica-en-chile","status":"publish","type":"post","link":"https:\/\/laserenaradio.cl\/web\/2025\/03\/24\/ministro-de-hacienda-destaca-mejoria-economica-en-chile\/","title":{"rendered":"Ministro de Hacienda destaca mejor\u00eda econ\u00f3mica en Chile"},"content":{"rendered":"<p><b>El ministro de Hacienda, Mario Marcel, valor\u00f3 este lunes las mejor\u00edas en las proyecciones econ\u00f3micas del Banco Central, reflejadas en el Informe de Pol\u00edtica Monetaria (IPoM)<\/b><!--more-->.<\/p>\n<p>&#8220;Tenemos un IPoM que ha subido el rango de crecimiento estimado en un cuarto de punto, pasando de 1,5% a 1,75%-2,75%, lo cual es positivo&#8221;, indic\u00f3 Marcel.<\/p>\n<p>Adem\u00e1s, resalt\u00f3 que para incrementar este rango de crecimiento se han visto mejoras significativas en las proyecciones de inversi\u00f3n y formaci\u00f3n bruta de capital fijo, as\u00ed como del consumo.<\/p>\n<p>Sobre la inflaci\u00f3n, el ministro explic\u00f3: &#8220;A diciembre aument\u00f3 en dos d\u00e9cimas, pero el promedio anual baj\u00f3 en dos d\u00e9cimas. Esto refleja una trayectoria de control de la inflaci\u00f3n, seg\u00fan los datos mes a mes&#8221;.<\/p>\n<p>Marcel tambi\u00e9n apunt\u00f3 que este fen\u00f3meno disminuir\u00e1 durante la segunda mitad del a\u00f1o, debido al ajuste en la base de comparaci\u00f3n del IPC derivado de los aumentos de tarifas el\u00e9ctricas desde mediados de 2024.<\/p>\n<p>\u201cLos \u00faltimos datos de inflaci\u00f3n demuestran que los efectos de segunda vuelta de los aumentos en tarifa el\u00e9ctrica o precios de combustibles no se han materializado, lo cual es un punto positivo\u201d, afirm\u00f3 Marcel. Seg\u00fan \u00e9l, la inflaci\u00f3n puede irse ajustando a la baja en medida que estos factores estad\u00edsticos se vayan corrigiendo.<\/p>\n<p>Estas mejoras en las proyecciones econ\u00f3micas son una buena noticia para el sector empresarial y el p\u00fablico en general, ya que refuerzan la confianza y optimismo respecto al crecimiento econ\u00f3mico futuro.<\/p>\n","protected":false},"excerpt":{"rendered":"<p>El ministro de Hacienda, Mario Marcel, valor\u00f3 este lunes las mejor\u00edas en las proyecciones econ\u00f3micas del Banco Central, reflejadas en el Informe de Pol\u00edtica Monetaria (IPoM)<\/p>\n","protected":false},"author":2,"featured_media":13536,"comment_status":"closed","ping_status":"open","sticky":false,"template":"","format":"standard","meta":{"_jetpack_memberships_contains_paid_content":false,"jnews-multi-image_gallery":[],"jnews_single_post":[],"jnews_primary_category":[],"jnews_social_meta":[],"jnews_paywall_metabox":[],"jnews_review":[],"enable_review":"","type":"","name":"","summary":"","brand":"","sku":"","good":[],"bad":[],"score_override":"","override_value":"","rating":[],"price":[],"jnews_override_counter":[],"jnews_post_split":[],"footnotes":""},"categories":[85],"tags":[],"class_list":["post-13537","post","type-post","status-publish","format-standard","has-post-thumbnail","hentry","category-economia"],"jetpack_featured_media_url":"https:\/\/laserenaradio.cl\/web\/wp-content\/uploads\/2025\/03\/homepiaiextractoscrapimg_webpproyeccionescrecimientoMarcelministro_0.webp","jetpack_sharing_enabled":true,"_links":{"self":[{"href":"https:\/\/laserenaradio.cl\/web\/wp-json\/wp\/v2\/posts\/13537","targetHints":{"allow":["GET"]}}],"collection":[{"href":"https:\/\/laserenaradio.cl\/web\/wp-json\/wp\/v2\/posts"}],"about":[{"href":"https:\/\/laserenaradio.cl\/web\/wp-json\/wp\/v2\/types\/post"}],"author":[{"embeddable":true,"href":"https:\/\/laserenaradio.cl\/web\/wp-json\/wp\/v2\/users\/2"}],"replies":[{"embeddable":true,"href":"https:\/\/laserenaradio.cl\/web\/wp-json\/wp\/v2\/comments?post=13537"}],"version-history":[{"count":1,"href":"https:\/\/laserenaradio.cl\/web\/wp-json\/wp\/v2\/posts\/13537\/revisions"}],"predecessor-version":[{"id":13538,"href":"https:\/\/laserenaradio.cl\/web\/wp-json\/wp\/v2\/posts\/13537\/revisions\/13538"}],"wp:featuredmedia":[{"embeddable":true,"href":"https:\/\/laserenaradio.cl\/web\/wp-json\/wp\/v2\/media\/13536"}],"wp:attachment":[{"href":"https:\/\/laserenaradio.cl\/web\/wp-json\/wp\/v2\/media?parent=13537"}],"wp:term":[{"taxonomy":"category","embeddable":true,"href":"https:\/\/laserenaradio.cl\/web\/wp-json\/wp\/v2\/categories?post=13537"},{"taxonomy":"post_tag","embeddable":true,"href":"https:\/\/laserenaradio.cl\/web\/wp-json\/wp\/v2\/tags?post=13537"}],"curies":[{"name":"wp","href":"https:\/\/api.w.org\/{rel}","templated":true}]}}