{"id":13534,"date":"2025-03-24T14:38:52","date_gmt":"2025-03-24T17:38:52","guid":{"rendered":"https:\/\/laserenaradio.cl\/web\/?p=13534"},"modified":"2025-03-24T14:38:52","modified_gmt":"2025-03-24T17:38:52","slug":"marcelo-salas-figura-estelar-del-ss-lazio-de-los-anos-90-y-00-recibe-carino-incondicional-de-la-hinchada-romana","status":"publish","type":"post","link":"https:\/\/laserenaradio.cl\/web\/2025\/03\/24\/marcelo-salas-figura-estelar-del-ss-lazio-de-los-anos-90-y-00-recibe-carino-incondicional-de-la-hinchada-romana\/","title":{"rendered":"Marcelo Salas, figura estelar del SS Lazio de los a\u00f1os &#8217;90 y &#8217;00, recibe cari\u00f1o incondicional de la hinchada romana"},"content":{"rendered":"<p><b>En mayo de 2000, Marcelo Salas lider\u00f3 al SS Lazio hasta su segundo t\u00edtulo de la Serie A, demostrando ser crucial en las victorias italianas<\/b><!--more-->.<\/p>\n<p>Formado en Universidad de Chile, marc\u00f3 48 goles en 117 partidos con la tienda romana entre 1998 y 2001, contribuyendo a conquistar dos Supercopa de Italia y una Copa italiana. Su impacto fue tan significativo que sigue siendo venerado en el estadio, a\u00f1os despu\u00e9s de su partida.<\/p>\n<p>Este fin de semana, Salas regres\u00f3 a Roma para recibir un recibimiento entusiasta de la afici\u00f3n de Lazio. En redes sociales se comparti\u00f3 un video donde el exjugador era ovacionado por hinchadas locales.<\/p>\n<p>Tambi\u00e9n particip\u00f3 en una actividad especial, donde fue encargado cantar la famosa canci\u00f3n de su \u00e9poca, que inclu\u00eda iron\u00edas hacia Ronaldo, el &#8216;Fen\u00f3meno&#8217;.<\/p>\n<p>A pesar del nerviosismo inicial, Salas termin\u00f3 entonando con estilo: &#8220;A qui\u00e9n le importa Ronaldo, nosotros tenemos al Matador. \u00a1Matador!, \u00a1Matador!&#8221;.<\/p>\n<p>Despu\u00e9s de su carrera como jugador, que incluy\u00f3 pasos por Juventus, River Plate y La U, hasta su retiro en 2008, Salas se dedic\u00f3 a la dirigencia, asumiendo el papel de presidente del Deportes Temuco.<\/p>\n<p>Su legado con Lazio sigue siendo inolvidable para los aficionados italianos.<\/p>\n","protected":false},"excerpt":{"rendered":"<p>En mayo de 2000, Marcelo Salas lider\u00f3 al SS Lazio hasta su segundo t\u00edtulo de la Serie A, demostrando ser crucial en las victorias italianas<\/p>\n","protected":false},"author":2,"featured_media":13533,"comment_status":"closed","ping_status":"open","sticky":false,"template":"","format":"standard","meta":{"_jetpack_memberships_contains_paid_content":false,"jnews-multi-image_gallery":[],"jnews_single_post":[],"jnews_primary_category":[],"jnews_social_meta":[],"jnews_paywall_metabox":[],"jnews_review":[],"enable_review":"","type":"","name":"","summary":"","brand":"","sku":"","good":[],"bad":[],"score_override":"","override_value":"","rating":[],"price":[],"jnews_override_counter":[],"jnews_post_split":[],"footnotes":""},"categories":[84],"tags":[],"class_list":["post-13534","post","type-post","status-publish","format-standard","has-post-thumbnail","hentry","category-deportes"],"jetpack_featured_media_url":"https:\/\/laserenaradio.cl\/web\/wp-content\/uploads\/2025\/03\/homepiaiextractoscrapimg_webpLazioSalasMatadorMarceloSalas_0.webp","jetpack_sharing_enabled":true,"_links":{"self":[{"href":"https:\/\/laserenaradio.cl\/web\/wp-json\/wp\/v2\/posts\/13534","targetHints":{"allow":["GET"]}}],"collection":[{"href":"https:\/\/laserenaradio.cl\/web\/wp-json\/wp\/v2\/posts"}],"about":[{"href":"https:\/\/laserenaradio.cl\/web\/wp-json\/wp\/v2\/types\/post"}],"author":[{"embeddable":true,"href":"https:\/\/laserenaradio.cl\/web\/wp-json\/wp\/v2\/users\/2"}],"replies":[{"embeddable":true,"href":"https:\/\/laserenaradio.cl\/web\/wp-json\/wp\/v2\/comments?post=13534"}],"version-history":[{"count":1,"href":"https:\/\/laserenaradio.cl\/web\/wp-json\/wp\/v2\/posts\/13534\/revisions"}],"predecessor-version":[{"id":13535,"href":"https:\/\/laserenaradio.cl\/web\/wp-json\/wp\/v2\/posts\/13534\/revisions\/13535"}],"wp:featuredmedia":[{"embeddable":true,"href":"https:\/\/laserenaradio.cl\/web\/wp-json\/wp\/v2\/media\/13533"}],"wp:attachment":[{"href":"https:\/\/laserenaradio.cl\/web\/wp-json\/wp\/v2\/media?parent=13534"}],"wp:term":[{"taxonomy":"category","embeddable":true,"href":"https:\/\/laserenaradio.cl\/web\/wp-json\/wp\/v2\/categories?post=13534"},{"taxonomy":"post_tag","embeddable":true,"href":"https:\/\/laserenaradio.cl\/web\/wp-json\/wp\/v2\/tags?post=13534"}],"curies":[{"name":"wp","href":"https:\/\/api.w.org\/{rel}","templated":true}]}}