{"id":13531,"date":"2025-03-24T14:36:22","date_gmt":"2025-03-24T17:36:22","guid":{"rendered":"https:\/\/laserenaradio.cl\/web\/?p=13531"},"modified":"2025-03-24T14:36:22","modified_gmt":"2025-03-24T17:36:22","slug":"la-diputada-karol-cariola-seguira-en-el-proceso-electoral-por-la-region-de-valparaiso","status":"publish","type":"post","link":"https:\/\/laserenaradio.cl\/web\/2025\/03\/24\/la-diputada-karol-cariola-seguira-en-el-proceso-electoral-por-la-region-de-valparaiso\/","title":{"rendered":"La diputada Karol Cariola seguir\u00e1 en el proceso electoral por la regi\u00f3n de Valpara\u00edso"},"content":{"rendered":"<p><b>Desde el oficialismo, el Partido Comunista (PC) confirm\u00f3 la candidatura de Karol Cariola para el Senado en Valpara\u00edso<\/b><!--more-->.<\/p>\n<p>Durante un reciente Comit\u00e9 Central del PC celebrado este fin de semana, se ratific\u00f3 a Cariola como aspirante al Senado en Valpara\u00edso.<\/p>\n<p>Un sondeo Cadem mostr\u00f3 que 66% de los encuestados consideran la filtraci\u00f3n de las conversaciones privadas entre Cariola y exalcaldesa Irac\u00ed Hassler una &#8220;intencionalidad pol\u00edtica&#8221;. Un 55% califica la filtraci\u00f3n como &#8220;mala&#8221;.<\/p>\n<p>El presidente del PC, Lautaro Carmona, subray\u00f3 que Cariola cuenta con &#8220;serias posibilidades de electividad&#8221; para el Senado. Seg\u00fan Carmona, Cariola sigue siendo, seg\u00fan las decisiones de los comit\u00e9s regionales y centrales del partido, la lideresa con mejores condiciones para participar en la campa\u00f1a senatorial.<\/p>\n<p>En cuanto a la filtraci\u00f3n, tanto Cariola como Hassler pidieron al fiscal general que se tomen medidas para esclarecer los hechos. Ambas mujeres consideran que la filtraci\u00f3n ha sido una &#8220;grave vulneraci\u00f3n de su intimidad&#8221; y una &#8220;burla&#8221; a una resoluci\u00f3n judicial.<\/p>\n<p>Esta situaci\u00f3n pol\u00edtica en Valpara\u00edso sigue generando debate y controversia entre los ciudadanos, poniendo a prueba no solo la credibilidad del partido pol\u00edtico sino tambi\u00e9n las habilidades pol\u00edticas y comunicaci\u00f3n de Karol Cariola.<\/p>\n","protected":false},"excerpt":{"rendered":"<p>Desde el oficialismo, el Partido Comunista (PC) confirm\u00f3 la candidatura de Karol Cariola para el Senado en Valpara\u00edso<\/p>\n","protected":false},"author":2,"featured_media":13530,"comment_status":"closed","ping_status":"open","sticky":false,"template":"","format":"standard","meta":{"_jetpack_memberships_contains_paid_content":false,"jnews-multi-image_gallery":[],"jnews_single_post":[],"jnews_primary_category":[],"jnews_social_meta":[],"jnews_paywall_metabox":[],"jnews_review":[],"enable_review":"","type":"","name":"","summary":"","brand":"","sku":"","good":[],"bad":[],"score_override":"","override_value":"","rating":[],"price":[],"jnews_override_counter":[],"jnews_post_split":[],"footnotes":""},"categories":[83],"tags":[],"class_list":["post-13531","post","type-post","status-publish","format-standard","has-post-thumbnail","hentry","category-politica"],"jetpack_featured_media_url":"https:\/\/laserenaradio.cl\/web\/wp-content\/uploads\/2025\/03\/homepiaiextractoscrapimg_webpCariolaKarolCariolaSenadoconsideran_1.webp","jetpack_sharing_enabled":true,"_links":{"self":[{"href":"https:\/\/laserenaradio.cl\/web\/wp-json\/wp\/v2\/posts\/13531","targetHints":{"allow":["GET"]}}],"collection":[{"href":"https:\/\/laserenaradio.cl\/web\/wp-json\/wp\/v2\/posts"}],"about":[{"href":"https:\/\/laserenaradio.cl\/web\/wp-json\/wp\/v2\/types\/post"}],"author":[{"embeddable":true,"href":"https:\/\/laserenaradio.cl\/web\/wp-json\/wp\/v2\/users\/2"}],"replies":[{"embeddable":true,"href":"https:\/\/laserenaradio.cl\/web\/wp-json\/wp\/v2\/comments?post=13531"}],"version-history":[{"count":1,"href":"https:\/\/laserenaradio.cl\/web\/wp-json\/wp\/v2\/posts\/13531\/revisions"}],"predecessor-version":[{"id":13532,"href":"https:\/\/laserenaradio.cl\/web\/wp-json\/wp\/v2\/posts\/13531\/revisions\/13532"}],"wp:featuredmedia":[{"embeddable":true,"href":"https:\/\/laserenaradio.cl\/web\/wp-json\/wp\/v2\/media\/13530"}],"wp:attachment":[{"href":"https:\/\/laserenaradio.cl\/web\/wp-json\/wp\/v2\/media?parent=13531"}],"wp:term":[{"taxonomy":"category","embeddable":true,"href":"https:\/\/laserenaradio.cl\/web\/wp-json\/wp\/v2\/categories?post=13531"},{"taxonomy":"post_tag","embeddable":true,"href":"https:\/\/laserenaradio.cl\/web\/wp-json\/wp\/v2\/tags?post=13531"}],"curies":[{"name":"wp","href":"https:\/\/api.w.org\/{rel}","templated":true}]}}