{"id":13519,"date":"2025-03-23T20:05:15","date_gmt":"2025-03-23T23:05:15","guid":{"rendered":"https:\/\/laserenaradio.cl\/web\/?p=13519"},"modified":"2025-03-23T20:05:15","modified_gmt":"2025-03-23T23:05:15","slug":"el-cardenal-fernando-chomali-critica-los-intentos-del-estado-por-reemplazar-a-la-iglesia-catolica-como-entidad-educativa","status":"publish","type":"post","link":"https:\/\/laserenaradio.cl\/web\/2025\/03\/23\/el-cardenal-fernando-chomali-critica-los-intentos-del-estado-por-reemplazar-a-la-iglesia-catolica-como-entidad-educativa\/","title":{"rendered":"El cardenal Fernando Chomal\u00ed critica los intentos del Estado por reemplazar a la Iglesia Cat\u00f3lica como entidad educativa"},"content":{"rendered":"<p><b>El cardenal Fernando Chomal\u00ed, arzobispo de Santiago, ha expresado su preocupaci\u00f3n ante la &#8220;tentaci\u00f3n&#8221; de que el Estado intente educar mejor a los ni\u00f1os que las instituciones intermedias como la Iglesia Cat\u00f3lica<\/b><!--more-->.<\/p>\n<p>En un comentario reciente para El Mercurio, indic\u00f3 que ser\u00eda un error si el gobierno considera tener m\u00e1s capacidad para formar a los j\u00f3venes en comparaci\u00f3n con otras entidades. Chomal\u00ed tambi\u00e9n resalt\u00f3 la importancia de la integralidad del ser humano, abordando aspectos espirituales y morales junto a la educaci\u00f3n formal.<\/p>\n<p>En este contexto, la diputada comunista Daniela Serrano, miembro de la comisi\u00f3n de Educaci\u00f3n, defendi\u00f3 que el Estado debe regular adecuadamente su intervenci\u00f3n en la ense\u00f1anza, permitiendo a las instituciones religiosas contribuir con su experiencia en el fortalecimiento del sistema educativo.<\/p>\n<p>El cardenal tambi\u00e9n comparti\u00f3 sus opiniones sobre temas val\u00f3ricos, como el aborto. Seg\u00fan declaraciones recientes, \u00e9l estar\u00e1 presente para debatir contra la propuesta legislativa que aborda este tema, apeg\u00e1ndose a los principios de defensa incondicional del derecho a la vida.<\/p>\n<p>Por su parte, Sergio Bobadilla, diputado de la Uni\u00f3n Dem\u00f3crata Independiente (UDI) y tambi\u00e9n integrante de la comisi\u00f3n educativa, expres\u00f3 que comparte la visi\u00f3n del cardenal respecto al derecho de los padres para escoger el mejor entorno educativo para sus hijos.<\/p>\n","protected":false},"excerpt":{"rendered":"<p>El cardenal Fernando Chomal\u00ed, arzobispo de Santiago, ha expresado su preocupaci\u00f3n ante la &#8220;tentaci\u00f3n&#8221; de que el Estado intente educar mejor a los ni\u00f1os que las instituciones intermedias como la Iglesia Cat\u00f3lica<\/p>\n","protected":false},"author":2,"featured_media":13518,"comment_status":"closed","ping_status":"open","sticky":false,"template":"","format":"standard","meta":{"_jetpack_memberships_contains_paid_content":false,"jnews-multi-image_gallery":[],"jnews_single_post":[],"jnews_primary_category":[],"jnews_social_meta":[],"jnews_paywall_metabox":[],"jnews_review":[],"enable_review":"","type":"","name":"","summary":"","brand":"","sku":"","good":[],"bad":[],"score_override":"","override_value":"","rating":[],"price":[],"jnews_override_counter":[],"jnews_post_split":[],"footnotes":""},"categories":[21],"tags":[],"class_list":["post-13519","post","type-post","status-publish","format-standard","has-post-thumbnail","hentry","category-nacional"],"jetpack_featured_media_url":"https:\/\/laserenaradio.cl\/web\/wp-content\/uploads\/2025\/03\/homepiaiextractoscrapimg_webpFernandoChomali_0.webp","jetpack_sharing_enabled":true,"_links":{"self":[{"href":"https:\/\/laserenaradio.cl\/web\/wp-json\/wp\/v2\/posts\/13519","targetHints":{"allow":["GET"]}}],"collection":[{"href":"https:\/\/laserenaradio.cl\/web\/wp-json\/wp\/v2\/posts"}],"about":[{"href":"https:\/\/laserenaradio.cl\/web\/wp-json\/wp\/v2\/types\/post"}],"author":[{"embeddable":true,"href":"https:\/\/laserenaradio.cl\/web\/wp-json\/wp\/v2\/users\/2"}],"replies":[{"embeddable":true,"href":"https:\/\/laserenaradio.cl\/web\/wp-json\/wp\/v2\/comments?post=13519"}],"version-history":[{"count":1,"href":"https:\/\/laserenaradio.cl\/web\/wp-json\/wp\/v2\/posts\/13519\/revisions"}],"predecessor-version":[{"id":13520,"href":"https:\/\/laserenaradio.cl\/web\/wp-json\/wp\/v2\/posts\/13519\/revisions\/13520"}],"wp:featuredmedia":[{"embeddable":true,"href":"https:\/\/laserenaradio.cl\/web\/wp-json\/wp\/v2\/media\/13518"}],"wp:attachment":[{"href":"https:\/\/laserenaradio.cl\/web\/wp-json\/wp\/v2\/media?parent=13519"}],"wp:term":[{"taxonomy":"category","embeddable":true,"href":"https:\/\/laserenaradio.cl\/web\/wp-json\/wp\/v2\/categories?post=13519"},{"taxonomy":"post_tag","embeddable":true,"href":"https:\/\/laserenaradio.cl\/web\/wp-json\/wp\/v2\/tags?post=13519"}],"curies":[{"name":"wp","href":"https:\/\/api.w.org\/{rel}","templated":true}]}}