{"id":13516,"date":"2025-03-23T20:01:51","date_gmt":"2025-03-23T23:01:51","guid":{"rendered":"https:\/\/laserenaradio.cl\/web\/?p=13516"},"modified":"2025-03-23T20:01:51","modified_gmt":"2025-03-23T23:01:51","slug":"alerta-roja-en-traiguen-evacuacion-ordenada-por-incendios-forestales","status":"publish","type":"post","link":"https:\/\/laserenaradio.cl\/web\/2025\/03\/23\/alerta-roja-en-traiguen-evacuacion-ordenada-por-incendios-forestales\/","title":{"rendered":"Alerta Roja en Traigu\u00e9n: evacuaci\u00f3n ordenada por incendios forestales"},"content":{"rendered":"<p><b>El delegado regional de La Araucan\u00eda, Edgardo Abdala, inform\u00f3 hoy la evacuaci\u00f3n del \u00e1rea urbana de Traigu\u00e9n en respuesta a los incendios forestales activos en la comuna<\/b><!--more-->.<\/p>\n<p>Seg\u00fan Abdala, tanto <a href=\"https:\/\/www.carabineros.cl\/\">Carabineros<\/a> como el Ej\u00e9rcito est\u00e1n proporcionando apoyo para la evacuaci\u00f3n en Traigu\u00e9n, que cuenta con aproximadamente 19 mil habitantes, seg\u00fan datos del Instituto Nacional de Estad\u00edsticas (<a href=\"http:\/\/www.ine.cl\/\">INE<\/a>).<\/p>\n<p>En total, 11 incendios forestales se encuentran activos en la regi\u00f3n de La Araucan\u00eda, seg\u00fan reportes de la Corporaci\u00f3n Nacional Forestal (Conaf).<\/p>\n<p>En respuesta a la situaci\u00f3n cr\u00edtica, Alerta Roja ha sido decretada para las comunas de Padre Las Casas, Traigu\u00e9n y Galvarino.<\/p>\n<p>El delegado regional mencion\u00f3 que dos incendios est\u00e1n en un estado particularmente complejo, con el m\u00e1s peligroso situado en el sector de la Providencia en Traigu\u00e9n.<\/p>\n","protected":false},"excerpt":{"rendered":"<p>El delegado regional de La Araucan\u00eda, Edgardo Abdala, inform\u00f3 hoy la evacuaci\u00f3n del \u00e1rea urbana de Traigu\u00e9n en respuesta a los incendios forestales activos en la comuna<\/p>\n","protected":false},"author":2,"featured_media":13515,"comment_status":"closed","ping_status":"open","sticky":false,"template":"","format":"standard","meta":{"_jetpack_memberships_contains_paid_content":false,"jnews-multi-image_gallery":[],"jnews_single_post":[],"jnews_primary_category":[],"jnews_social_meta":[],"jnews_paywall_metabox":[],"jnews_review":[],"enable_review":"","type":"","name":"","summary":"","brand":"","sku":"","good":[],"bad":[],"score_override":"","override_value":"","rating":[],"price":[],"jnews_override_counter":[],"jnews_post_split":[],"footnotes":""},"categories":[21],"tags":[],"class_list":["post-13516","post","type-post","status-publish","format-standard","has-post-thumbnail","hentry","category-nacional"],"jetpack_featured_media_url":"https:\/\/laserenaradio.cl\/web\/wp-content\/uploads\/2025\/03\/homepiaiextractoscrapimg_webpincendiosforestalesAlertaRojadelegado_0.webp","jetpack_sharing_enabled":true,"_links":{"self":[{"href":"https:\/\/laserenaradio.cl\/web\/wp-json\/wp\/v2\/posts\/13516","targetHints":{"allow":["GET"]}}],"collection":[{"href":"https:\/\/laserenaradio.cl\/web\/wp-json\/wp\/v2\/posts"}],"about":[{"href":"https:\/\/laserenaradio.cl\/web\/wp-json\/wp\/v2\/types\/post"}],"author":[{"embeddable":true,"href":"https:\/\/laserenaradio.cl\/web\/wp-json\/wp\/v2\/users\/2"}],"replies":[{"embeddable":true,"href":"https:\/\/laserenaradio.cl\/web\/wp-json\/wp\/v2\/comments?post=13516"}],"version-history":[{"count":1,"href":"https:\/\/laserenaradio.cl\/web\/wp-json\/wp\/v2\/posts\/13516\/revisions"}],"predecessor-version":[{"id":13517,"href":"https:\/\/laserenaradio.cl\/web\/wp-json\/wp\/v2\/posts\/13516\/revisions\/13517"}],"wp:featuredmedia":[{"embeddable":true,"href":"https:\/\/laserenaradio.cl\/web\/wp-json\/wp\/v2\/media\/13515"}],"wp:attachment":[{"href":"https:\/\/laserenaradio.cl\/web\/wp-json\/wp\/v2\/media?parent=13516"}],"wp:term":[{"taxonomy":"category","embeddable":true,"href":"https:\/\/laserenaradio.cl\/web\/wp-json\/wp\/v2\/categories?post=13516"},{"taxonomy":"post_tag","embeddable":true,"href":"https:\/\/laserenaradio.cl\/web\/wp-json\/wp\/v2\/tags?post=13516"}],"curies":[{"name":"wp","href":"https:\/\/api.w.org\/{rel}","templated":true}]}}