{"id":13510,"date":"2025-03-23T12:16:43","date_gmt":"2025-03-23T15:16:43","guid":{"rendered":"https:\/\/laserenaradio.cl\/web\/?p=13510"},"modified":"2025-03-23T12:16:43","modified_gmt":"2025-03-23T15:16:43","slug":"jeannette-jara-desmiente-su-posible-postulacion-como-candidata-presidencial-del-pc","status":"publish","type":"post","link":"https:\/\/laserenaradio.cl\/web\/2025\/03\/23\/jeannette-jara-desmiente-su-posible-postulacion-como-candidata-presidencial-del-pc\/","title":{"rendered":"Jeannette Jara desmiente su posible postulaci\u00f3n como candidata presidencial del PC"},"content":{"rendered":"<p><b>La ministra del Trabajo y Previsi\u00f3n Social, Jeannette Jara, ha negado rumores sobre su posible candidatura presidencial en el Partido Comunista (PC)<\/b><!--more-->.<\/p>\n<p>Durante una entrevista con Chilevisi\u00f3n, Jara explic\u00f3 que son solo especulaciones que no han sido confirmadas.<\/p>\n<p>&#8220;No hay nada de eso&#8221;, afirm\u00f3, a\u00f1adiendo: &#8220;En el Partido Comunista se est\u00e1n discutiendo ideas para proponer al pa\u00eds, no nombres&#8221;.<\/p>\n<p>Jara, secretaria de Estado, reconoci\u00f3 la controversia medi\u00e1tica generada por la indecisi\u00f3n sobre su futuro pol\u00edtico en el PC. Sin embargo, enfatiz\u00f3 que hay m\u00faltiples alternativas que podr\u00edan surgir como candidatos: &#8220;Hay varios otros nombres a considerar, como B\u00e1rbara Figueroa, y varias ideas para mejorar la vida de las personas&#8221;.<\/p>\n<p>El comit\u00e9 central del PC ha estado discutiendo diversas opciones, pero Jara subray\u00f3 que no se trata solo de nombres.<\/p>\n<p>&#8220;Es una conversaci\u00f3n sobre qu\u00e9 cambios queremos implementar en el gobierno y c\u00f3mo podemos beneficiar a los chilenos&#8221;, concluy\u00f3.<\/p>\n<p>Esta informaci\u00f3n destaca temas clave como la posible candidatura presidencial, el Partido Comunista y las propuestas ideol\u00f3gicas para mejorar la vida de los ciudadanos.<\/p>\n","protected":false},"excerpt":{"rendered":"<p>La ministra del Trabajo y Previsi\u00f3n Social, Jeannette Jara, ha negado rumores sobre su posible candidatura presidencial en el Partido Comunista (PC)<\/p>\n","protected":false},"author":2,"featured_media":13509,"comment_status":"closed","ping_status":"open","sticky":false,"template":"","format":"standard","meta":{"_jetpack_memberships_contains_paid_content":false,"jnews-multi-image_gallery":[],"jnews_single_post":[],"jnews_primary_category":[],"jnews_social_meta":[],"jnews_paywall_metabox":[],"jnews_review":[],"enable_review":"","type":"","name":"","summary":"","brand":"","sku":"","good":[],"bad":[],"score_override":"","override_value":"","rating":[],"price":[],"jnews_override_counter":[],"jnews_post_split":[],"footnotes":""},"categories":[83],"tags":[],"class_list":["post-13510","post","type-post","status-publish","format-standard","has-post-thumbnail","hentry","category-politica"],"jetpack_featured_media_url":"https:\/\/laserenaradio.cl\/web\/wp-content\/uploads\/2025\/03\/homepiaiextractoscrapimg_predeterminadalaserenaradio_politica-12.webp","jetpack_sharing_enabled":true,"_links":{"self":[{"href":"https:\/\/laserenaradio.cl\/web\/wp-json\/wp\/v2\/posts\/13510","targetHints":{"allow":["GET"]}}],"collection":[{"href":"https:\/\/laserenaradio.cl\/web\/wp-json\/wp\/v2\/posts"}],"about":[{"href":"https:\/\/laserenaradio.cl\/web\/wp-json\/wp\/v2\/types\/post"}],"author":[{"embeddable":true,"href":"https:\/\/laserenaradio.cl\/web\/wp-json\/wp\/v2\/users\/2"}],"replies":[{"embeddable":true,"href":"https:\/\/laserenaradio.cl\/web\/wp-json\/wp\/v2\/comments?post=13510"}],"version-history":[{"count":1,"href":"https:\/\/laserenaradio.cl\/web\/wp-json\/wp\/v2\/posts\/13510\/revisions"}],"predecessor-version":[{"id":13511,"href":"https:\/\/laserenaradio.cl\/web\/wp-json\/wp\/v2\/posts\/13510\/revisions\/13511"}],"wp:featuredmedia":[{"embeddable":true,"href":"https:\/\/laserenaradio.cl\/web\/wp-json\/wp\/v2\/media\/13509"}],"wp:attachment":[{"href":"https:\/\/laserenaradio.cl\/web\/wp-json\/wp\/v2\/media?parent=13510"}],"wp:term":[{"taxonomy":"category","embeddable":true,"href":"https:\/\/laserenaradio.cl\/web\/wp-json\/wp\/v2\/categories?post=13510"},{"taxonomy":"post_tag","embeddable":true,"href":"https:\/\/laserenaradio.cl\/web\/wp-json\/wp\/v2\/tags?post=13510"}],"curies":[{"name":"wp","href":"https:\/\/api.w.org\/{rel}","templated":true}]}}