{"id":13504,"date":"2025-03-23T10:09:27","date_gmt":"2025-03-23T13:09:27","guid":{"rendered":"https:\/\/laserenaradio.cl\/web\/?p=13504"},"modified":"2025-03-23T10:09:27","modified_gmt":"2025-03-23T13:09:27","slug":"el-fiscal-nacional-angel-valencia-asegura-que-las-amenazas-contra-carabineros-del-norte-del-pais-no-los-intimidan","status":"publish","type":"post","link":"https:\/\/laserenaradio.cl\/web\/2025\/03\/23\/el-fiscal-nacional-angel-valencia-asegura-que-las-amenazas-contra-carabineros-del-norte-del-pais-no-los-intimidan\/","title":{"rendered":"El fiscal nacional \u00c1ngel Valencia asegura que las amenazas contra Carabineros del norte del pa\u00eds no los intimidan"},"content":{"rendered":"<p><b>Desde la regi\u00f3n de Arica y Parinacota, el fiscal nacional \u00c1ngel Valencia abord\u00f3 las amenazas de ataque que habr\u00edan recibido <a href=\"https:\/\/www.carabineros.cl\/\">Carabineros<\/a> en el norte del pa\u00eds, vinculadas al clan \u201cLos Gallegos\u201d<\/b><!--more-->.<\/p>\n<p>Esto se produce luego que el Tribunal Oral en lo Penal de Arica decretara penas que suman m\u00e1s de 500 a\u00f1os de prisi\u00f3n efectiva para los 34 integrantes del Tren de Aragua. El jefe del Ministerio P\u00fablico, \u00c1ngel Valencia, asegur\u00f3 que &#8220;eso no nos va a intimidar&#8221;.<\/p>\n<p>La noticia surge en el contexto de una hist\u00f3rica incautaci\u00f3n de precursores qu\u00edmicos destinados a Bolivia.<\/p>\n<p>Valencia enfatiz\u00f3 que estas noticias son parte del proceso de combatir asociaciones criminales. \u201cEs lamentable, pero uno no podr\u00eda sorprenderse\u201d, dijo. Asegur\u00f3 tener confianza en el camino correcto y continuar\u00e1n con sus acciones.<\/p>\n<p>En cuanto a las amenazas, Valencia se\u00f1al\u00f3: &#8220;No es la primera vez que existen amenazas en esta causa&#8221;. Ha habido formalizaciones por vandalizaciones e incluso intentos de entorpecer el juicio.<\/p>\n<p>Finalmente, concluy\u00f3 que no son los \u00fanicos afectados y que jueces valientes y fiscales con mucho coraje tambi\u00e9n se enfrentan a estos riesgos.<\/p>\n<p>&#8220;No es la primera vez&#8221;, dijo Valencia, &#8220;amenazas contra fiscales, medidas de protecci\u00f3n que hemos tenido que disponer a favor de ellos&#8221;. Sin embargo, esto no los va a intimidar en su lucha contra el crimen organizado.<\/p>\n","protected":false},"excerpt":{"rendered":"<p>Desde la regi\u00f3n de Arica y Parinacota, el fiscal nacional \u00c1ngel Valencia abord\u00f3 las amenazas de ataque que habr\u00edan recibido Carabineros en el norte del pa\u00eds, vinculadas al clan \u201cLos Gallegos\u201d<\/p>\n","protected":false},"author":2,"featured_media":13503,"comment_status":"closed","ping_status":"open","sticky":false,"template":"","format":"standard","meta":{"_jetpack_memberships_contains_paid_content":false,"jnews-multi-image_gallery":[],"jnews_single_post":[],"jnews_primary_category":[],"jnews_social_meta":[],"jnews_paywall_metabox":[],"jnews_review":[],"enable_review":"","type":"","name":"","summary":"","brand":"","sku":"","good":[],"bad":[],"score_override":"","override_value":"","rating":[],"price":[],"jnews_override_counter":[],"jnews_post_split":[],"footnotes":""},"categories":[85],"tags":[],"class_list":["post-13504","post","type-post","status-publish","format-standard","has-post-thumbnail","hentry","category-economia"],"jetpack_featured_media_url":"https:\/\/laserenaradio.cl\/web\/wp-content\/uploads\/2025\/03\/homepiaiextractoscrapimg_webpValenciaamenazasAricafiscal_0.webp","jetpack_sharing_enabled":true,"_links":{"self":[{"href":"https:\/\/laserenaradio.cl\/web\/wp-json\/wp\/v2\/posts\/13504","targetHints":{"allow":["GET"]}}],"collection":[{"href":"https:\/\/laserenaradio.cl\/web\/wp-json\/wp\/v2\/posts"}],"about":[{"href":"https:\/\/laserenaradio.cl\/web\/wp-json\/wp\/v2\/types\/post"}],"author":[{"embeddable":true,"href":"https:\/\/laserenaradio.cl\/web\/wp-json\/wp\/v2\/users\/2"}],"replies":[{"embeddable":true,"href":"https:\/\/laserenaradio.cl\/web\/wp-json\/wp\/v2\/comments?post=13504"}],"version-history":[{"count":1,"href":"https:\/\/laserenaradio.cl\/web\/wp-json\/wp\/v2\/posts\/13504\/revisions"}],"predecessor-version":[{"id":13505,"href":"https:\/\/laserenaradio.cl\/web\/wp-json\/wp\/v2\/posts\/13504\/revisions\/13505"}],"wp:featuredmedia":[{"embeddable":true,"href":"https:\/\/laserenaradio.cl\/web\/wp-json\/wp\/v2\/media\/13503"}],"wp:attachment":[{"href":"https:\/\/laserenaradio.cl\/web\/wp-json\/wp\/v2\/media?parent=13504"}],"wp:term":[{"taxonomy":"category","embeddable":true,"href":"https:\/\/laserenaradio.cl\/web\/wp-json\/wp\/v2\/categories?post=13504"},{"taxonomy":"post_tag","embeddable":true,"href":"https:\/\/laserenaradio.cl\/web\/wp-json\/wp\/v2\/tags?post=13504"}],"curies":[{"name":"wp","href":"https:\/\/api.w.org\/{rel}","templated":true}]}}