{"id":13501,"date":"2025-03-23T09:59:32","date_gmt":"2025-03-23T12:59:32","guid":{"rendered":"https:\/\/laserenaradio.cl\/web\/?p=13501"},"modified":"2025-03-23T09:59:32","modified_gmt":"2025-03-23T12:59:32","slug":"asesinan-a-un-menor-de-17-anos-en-penalolen-tras-recibir-multiples-impactos-de-bala","status":"publish","type":"post","link":"https:\/\/laserenaradio.cl\/web\/2025\/03\/23\/asesinan-a-un-menor-de-17-anos-en-penalolen-tras-recibir-multiples-impactos-de-bala\/","title":{"rendered":"Asesinan a un menor de 17 a\u00f1os en Pe\u00f1alol\u00e9n, tras recibir m\u00faltiples impactos de bala"},"content":{"rendered":"<p><b>Un menor de 17 a\u00f1os falleci\u00f3 este domingo en Pe\u00f1alol\u00e9n, Regi\u00f3n Metropolitana, tras recibir m\u00faltiples disparos a manos de criminales encapuchados<\/b><!--more-->.<\/p>\n<p>El tr\u00e1gico incidente ocurri\u00f3 durante la madrugada, con la v\u00edctima siendo abandonada por un grupo de cuatro individuos desconocidos, quienes huyeron en un veh\u00edculo sin placas.<\/p>\n<p>Seg\u00fan el reporte policial, personal m\u00e9dico del Hospital Dr. Luis Tisn\u00e9 alert\u00f3 a las autoridades a trav\u00e9s del n\u00famero 181 a las 02:30 horas. El adolescente fue ingresado al pabell\u00f3n quir\u00fargico para ser intervenido pero, a pesar de los esfuerzos m\u00e9dicos, falleci\u00f3 a las 03:40 horas debido a la gravedad de sus lesiones.<\/p>\n<p>El Ministerio P\u00fablico ha designado al Equipo Contra el Crimen Organizado y Homicidios (ECOH) para trabajar conjuntamente con la Polic\u00eda de Investigaciones (<a href=\"https:\/\/www.pdichile.cl\/\">PDI<\/a>), en la investigaci\u00f3n del caso.<\/p>\n<p>La comunidad se muestra consternada ante este lamentable suceso, pidiendo justicia por el joven fallecido.<\/p>\n<p>Las autoridades solicitan a la ciudadan\u00eda cualquier informaci\u00f3n que pueda ayudar a esclarecer las circunstancias en torno al deceso.<\/p>\n","protected":false},"excerpt":{"rendered":"<p>Un menor de 17 a\u00f1os falleci\u00f3 este domingo en Pe\u00f1alol\u00e9n, Regi\u00f3n Metropolitana, tras recibir m\u00faltiples disparos a manos de criminales encapuchados<\/p>\n","protected":false},"author":2,"featured_media":13500,"comment_status":"closed","ping_status":"open","sticky":false,"template":"","format":"standard","meta":{"_jetpack_memberships_contains_paid_content":false,"jnews-multi-image_gallery":[],"jnews_single_post":[],"jnews_primary_category":[],"jnews_social_meta":[],"jnews_paywall_metabox":[],"jnews_review":[],"enable_review":"","type":"","name":"","summary":"","brand":"","sku":"","good":[],"bad":[],"score_override":"","override_value":"","rating":[],"price":[],"jnews_override_counter":[],"jnews_post_split":[],"footnotes":""},"categories":[21],"tags":[],"class_list":["post-13501","post","type-post","status-publish","format-standard","has-post-thumbnail","hentry","category-nacional"],"jetpack_featured_media_url":"https:\/\/laserenaradio.cl\/web\/wp-content\/uploads\/2025\/03\/homepiaiextractoscrapimg_webpAsesinanPenalolen_1.webp","jetpack_sharing_enabled":true,"_links":{"self":[{"href":"https:\/\/laserenaradio.cl\/web\/wp-json\/wp\/v2\/posts\/13501","targetHints":{"allow":["GET"]}}],"collection":[{"href":"https:\/\/laserenaradio.cl\/web\/wp-json\/wp\/v2\/posts"}],"about":[{"href":"https:\/\/laserenaradio.cl\/web\/wp-json\/wp\/v2\/types\/post"}],"author":[{"embeddable":true,"href":"https:\/\/laserenaradio.cl\/web\/wp-json\/wp\/v2\/users\/2"}],"replies":[{"embeddable":true,"href":"https:\/\/laserenaradio.cl\/web\/wp-json\/wp\/v2\/comments?post=13501"}],"version-history":[{"count":1,"href":"https:\/\/laserenaradio.cl\/web\/wp-json\/wp\/v2\/posts\/13501\/revisions"}],"predecessor-version":[{"id":13502,"href":"https:\/\/laserenaradio.cl\/web\/wp-json\/wp\/v2\/posts\/13501\/revisions\/13502"}],"wp:featuredmedia":[{"embeddable":true,"href":"https:\/\/laserenaradio.cl\/web\/wp-json\/wp\/v2\/media\/13500"}],"wp:attachment":[{"href":"https:\/\/laserenaradio.cl\/web\/wp-json\/wp\/v2\/media?parent=13501"}],"wp:term":[{"taxonomy":"category","embeddable":true,"href":"https:\/\/laserenaradio.cl\/web\/wp-json\/wp\/v2\/categories?post=13501"},{"taxonomy":"post_tag","embeddable":true,"href":"https:\/\/laserenaradio.cl\/web\/wp-json\/wp\/v2\/tags?post=13501"}],"curies":[{"name":"wp","href":"https:\/\/api.w.org\/{rel}","templated":true}]}}