{"id":13489,"date":"2025-03-23T09:50:21","date_gmt":"2025-03-23T12:50:21","guid":{"rendered":"https:\/\/laserenaradio.cl\/web\/?p=13489"},"modified":"2025-03-23T09:50:21","modified_gmt":"2025-03-23T12:50:21","slug":"el-regreso-del-trabajo-presencial-tras-anos-de-pandemia","status":"publish","type":"post","link":"https:\/\/laserenaradio.cl\/web\/2025\/03\/23\/el-regreso-del-trabajo-presencial-tras-anos-de-pandemia\/","title":{"rendered":"El regreso del trabajo presencial tras a\u00f1os de pandemia"},"content":{"rendered":"<p><b>Lo que empez\u00f3 solo como una peque\u00f1a noticia en China en los \u00faltimos d\u00edas del 2019, comenz\u00f3 a expandirse por el resto del mundo y, primero de forma un tanto silenciosa, luego lleg\u00f3 de golpe a cambiar la vida y los h\u00e1bitos de trabajo de millones de personas: era el que despu\u00e9s se conocer\u00eda como el Covid-19<\/b><!--more-->.<\/p>\n<p>La mayor pandemia del \u00faltimo tiempo no solo cambi\u00f3 lo que la mayor\u00eda de Occidente consideraba com\u00fan en cuanto a prevenci\u00f3n de enfermedades, sino que tambi\u00e9n alter\u00f3 la forma en que las personas y empresas trabajaban.<\/p>\n<p>La expansi\u00f3n del teletrabajo durante la pandemia fue uno de los cambios m\u00e1s significativos. Se oblig\u00f3 a los comercios no esenciales a bajar las cortinas y a otros a adoptar el trabajo remoto.<\/p>\n<p>Ahora, cinco a\u00f1os despu\u00e9s de la pandemia, muchas organizaciones e incluso gobiernos est\u00e1n dando marcha atr\u00e1s en el trabajo a distancia o h\u00edbrido, opci\u00f3n que si bien sigue en discusi\u00f3n en cuanto a su efectividad, signific\u00f3 que muchas compa\u00f1\u00edas siguieran operando y quiz\u00e1s varios miles de trabajos no se perdieran. <\/p>\n<p>Las calles vac\u00edas son una de las postales m\u00e1s impactantes que dej\u00f3 la pandemia de Covid-19.<\/p>\n<p>Desde los centros de ciudades en Chile hasta grandes capitales del mundo en Norteam\u00e9rica, Europa y Asia, las personas, en pos de no contagiarse y no contagiar a los dem\u00e1s, tuvieron que encerrarse en sus casas y departamentos. El impacto de las restricciones de movilidad y las cuarentenas fue significativo.<\/p>\n<p>Seg\u00fan datos de la Organizaci\u00f3n Internacional del Trabajo (OIT), un 85% de todos los trabajadores del mundo se vieron afectados por este tipo de medidas, consigna nuestro medio asociado EFE.<\/p>\n<p>Respecto al teletrabajo, el organismo afirma que esta modalidad era ejercida por unas 260 millones de personas antes de la pandemia. Para el 2020, la cifra subi\u00f3 hasta los 557 millones.<\/p>\n<p>Antes del Covid-19, la modalidad de trabajo a distancia era usada solo por un 0,5% de la fuerza laboral en Chile, seg\u00fan un estudio de Clapes UC.<\/p>\n<p>Sin embargo, para el trimestre mayo junio de 2024, la cifra cay\u00f3 al 3,2%, siendo m\u00e1s com\u00fan entre las mujeres (3,9%) que en los hombres (2,7%), seg\u00fan el <a href=\"http:\/\/www.ine.cl\/\">INE<\/a>.<\/p>\n<p>En Brasil, un 80% de las empresas entrevistadas por el Instituto Brasile\u00f1o de Econom\u00eda de la Fundaci\u00f3n Getulio Vargas (FGV-IBRE) apoyaron el teletrabajo durante la pandemia. En Estados Unidos, el regreso a la oficina presencial se ha vuelto una tendencia, especialmente con el apoyo del empresario Elon Musk.<\/p>\n<p>En agosto de 2023, la plataforma Zoom, usada de forma masiva durante la pandemia para realizar reuniones a distancia, llam\u00f3 a sus trabajadores al trabajo presencial al menos dos veces a la semana.<\/p>\n<p>El teletrabajo -en especial en su modalidad completamente remota- estar\u00eda perdiendo terreno en grandes empresas e incluso gobiernos, al menos respecto a los niveles en pandemia.<\/p>\n<p>En este sentido, el acad\u00e9mico Jos\u00e9 Mar\u00eda Barrero del Instituto Tecnol\u00f3gico Aut\u00f3nomo de M\u00e9xico (ITAM) y investigador de Working from Home Research (WFH Research) afirm\u00f3 que la modalidad de trabajo remoto \u201cviene estable desde al menos principios de 2023 (y probablemente desde mediados de 2022)\u201d en EEUU, siendo un poco menos del 30% los d\u00edas laborales trabajados en remoto. Situaci\u00f3n similar se vive en pa\u00edses como Francia, donde un 36% realiza teletrabajo al menos una vez a la semana.<\/p>\n<p>Donde m\u00e1s se ha visto golpeado la adopci\u00f3n del trabajo a distancia ha sido con el regreso de Donald Trump a la presidencia de EEUU, y especialmente el apoyo de Elon Musk, su mano derecha. En enero de 2023, la administraci\u00f3n de Trump emiti\u00f3 una orden para establecer el trabajo presencial al menos cuatro d\u00edas a la semana para los empleados p\u00fablicos, destacando tambi\u00e9n la abierta postura anti teletrabajo del creador de Tesla y SpaceX.<\/p>\n<p>Este cambio hacia un modelo m\u00e1s tradicional de oficina ha sido notorio en grandes empresas e incluso gobiernos.<\/p>\n<p>Aunque el teletrabajo podr\u00eda volver a ganar terreno en los pr\u00f3ximos a\u00f1os, por ahora parece que la tendencia es regresar a espacios de trabajo presenciales.<\/p>\n","protected":false},"excerpt":{"rendered":"<p>Lo que empez\u00f3 solo como una peque\u00f1a noticia en China en los \u00faltimos d\u00edas del 2019, comenz\u00f3 a expandirse por el resto del mundo y, primero de forma un tanto silenciosa, luego lleg\u00f3 de golpe a cambiar la vida y los h\u00e1bitos de trabajo de millones de personas: era el que despu\u00e9s se conocer\u00eda como [&hellip;]<\/p>\n","protected":false},"author":2,"featured_media":13488,"comment_status":"closed","ping_status":"open","sticky":false,"template":"","format":"standard","meta":{"_jetpack_memberships_contains_paid_content":false,"jnews-multi-image_gallery":[],"jnews_single_post":[],"jnews_primary_category":[],"jnews_social_meta":[],"jnews_paywall_metabox":[],"jnews_review":[],"enable_review":"","type":"","name":"","summary":"","brand":"","sku":"","good":[],"bad":[],"score_override":"","override_value":"","rating":[],"price":[],"jnews_override_counter":[],"jnews_post_split":[],"footnotes":""},"categories":[21],"tags":[],"class_list":["post-13489","post","type-post","status-publish","format-standard","has-post-thumbnail","hentry","category-nacional"],"jetpack_featured_media_url":"https:\/\/laserenaradio.cl\/web\/wp-content\/uploads\/2025\/03\/homepiaiextractoscrapimg_webptrabajopandemia_0.webp","jetpack_sharing_enabled":true,"_links":{"self":[{"href":"https:\/\/laserenaradio.cl\/web\/wp-json\/wp\/v2\/posts\/13489","targetHints":{"allow":["GET"]}}],"collection":[{"href":"https:\/\/laserenaradio.cl\/web\/wp-json\/wp\/v2\/posts"}],"about":[{"href":"https:\/\/laserenaradio.cl\/web\/wp-json\/wp\/v2\/types\/post"}],"author":[{"embeddable":true,"href":"https:\/\/laserenaradio.cl\/web\/wp-json\/wp\/v2\/users\/2"}],"replies":[{"embeddable":true,"href":"https:\/\/laserenaradio.cl\/web\/wp-json\/wp\/v2\/comments?post=13489"}],"version-history":[{"count":1,"href":"https:\/\/laserenaradio.cl\/web\/wp-json\/wp\/v2\/posts\/13489\/revisions"}],"predecessor-version":[{"id":13490,"href":"https:\/\/laserenaradio.cl\/web\/wp-json\/wp\/v2\/posts\/13489\/revisions\/13490"}],"wp:featuredmedia":[{"embeddable":true,"href":"https:\/\/laserenaradio.cl\/web\/wp-json\/wp\/v2\/media\/13488"}],"wp:attachment":[{"href":"https:\/\/laserenaradio.cl\/web\/wp-json\/wp\/v2\/media?parent=13489"}],"wp:term":[{"taxonomy":"category","embeddable":true,"href":"https:\/\/laserenaradio.cl\/web\/wp-json\/wp\/v2\/categories?post=13489"},{"taxonomy":"post_tag","embeddable":true,"href":"https:\/\/laserenaradio.cl\/web\/wp-json\/wp\/v2\/tags?post=13489"}],"curies":[{"name":"wp","href":"https:\/\/api.w.org\/{rel}","templated":true}]}}