{"id":13483,"date":"2025-03-22T17:47:07","date_gmt":"2025-03-22T20:47:07","guid":{"rendered":"https:\/\/laserenaradio.cl\/web\/?p=13483"},"modified":"2025-03-22T17:47:07","modified_gmt":"2025-03-22T20:47:07","slug":"evelyn-matthei-es-la-candidata-unica-de-chile-vamos-para-las-proximas-elecciones-presidenciales","status":"publish","type":"post","link":"https:\/\/laserenaradio.cl\/web\/2025\/03\/22\/evelyn-matthei-es-la-candidata-unica-de-chile-vamos-para-las-proximas-elecciones-presidenciales\/","title":{"rendered":"Evelyn Matthei es la candidata \u00fanica de Chile Vamos para las pr\u00f3ximas elecciones presidenciales"},"content":{"rendered":"<p><b>Tras un extenso consejo general celebrado en el ex Congreso Nacional, Ev\u00f3poli se sum\u00f3 a RN y la UDI para proclamar a Evelyn Matthei como su abanderada presidencial<\/b><!--more-->.<\/p>\n<p>Con un 99% de respaldo del consejo, la candidatura fue oficializada.<\/p>\n<p>Liderando la jornada, Juan Manuel Santa Cruz, presidente de Ev\u00f3poli, dio paso a la ahora candidata \u00fanica de Chile Vamos, quien recibi\u00f3 un caluroso aplauso y banderas chilenas. Las pancartas con el lema \u201cEvelyn m\u00e1s libertad\u201d resaltaron su compromiso.<\/p>\n<p>En su extenso discurso que dur\u00f3 casi veinte minutos, Matthei enfatiz\u00f3 la unidad dentro del sector pol\u00edtico. Invit\u00f3 a toda la oposici\u00f3n a sumarse a un proyecto colectivo para &#8220;poner a Chile primero&#8221;.<\/p>\n<p>Destac\u00f3 sus principales prioridades: seguridad y empleo, propuso combatir el crimen organizado y frenar la inmigraci\u00f3n ilegal. Adem\u00e1s, Matthei reafirm\u00f3 su intenci\u00f3n de impulsar una lista parlamentaria \u00fanica en la derecha. Propuso una alianza transitoria que incluya a los partidos no adherentes a la coalici\u00f3n.<\/p>\n<p>Con esta proclamaci\u00f3n, Evelyn Matthei se convierte en la primera candidata \u00fanica que Chile Vamos presenta en una elecci\u00f3n presidencial desde 2015.<\/p>\n","protected":false},"excerpt":{"rendered":"<p>Tras un extenso consejo general celebrado en el ex Congreso Nacional, Ev\u00f3poli se sum\u00f3 a RN y la UDI para proclamar a Evelyn Matthei como su abanderada presidencial<\/p>\n","protected":false},"author":2,"featured_media":13482,"comment_status":"closed","ping_status":"open","sticky":false,"template":"","format":"standard","meta":{"_jetpack_memberships_contains_paid_content":false,"jnews-multi-image_gallery":[],"jnews_single_post":[],"jnews_primary_category":[],"jnews_social_meta":[],"jnews_paywall_metabox":[],"jnews_review":[],"enable_review":"","type":"","name":"","summary":"","brand":"","sku":"","good":[],"bad":[],"score_override":"","override_value":"","rating":[],"price":[],"jnews_override_counter":[],"jnews_post_split":[],"footnotes":""},"categories":[83],"tags":[],"class_list":["post-13483","post","type-post","status-publish","format-standard","has-post-thumbnail","hentry","category-politica"],"jetpack_featured_media_url":"https:\/\/laserenaradio.cl\/web\/wp-content\/uploads\/2025\/03\/homepiaiextractoscrapimg_webpEvelynMattheicandidataChileVamosextenso_0.webp","jetpack_sharing_enabled":true,"_links":{"self":[{"href":"https:\/\/laserenaradio.cl\/web\/wp-json\/wp\/v2\/posts\/13483","targetHints":{"allow":["GET"]}}],"collection":[{"href":"https:\/\/laserenaradio.cl\/web\/wp-json\/wp\/v2\/posts"}],"about":[{"href":"https:\/\/laserenaradio.cl\/web\/wp-json\/wp\/v2\/types\/post"}],"author":[{"embeddable":true,"href":"https:\/\/laserenaradio.cl\/web\/wp-json\/wp\/v2\/users\/2"}],"replies":[{"embeddable":true,"href":"https:\/\/laserenaradio.cl\/web\/wp-json\/wp\/v2\/comments?post=13483"}],"version-history":[{"count":1,"href":"https:\/\/laserenaradio.cl\/web\/wp-json\/wp\/v2\/posts\/13483\/revisions"}],"predecessor-version":[{"id":13484,"href":"https:\/\/laserenaradio.cl\/web\/wp-json\/wp\/v2\/posts\/13483\/revisions\/13484"}],"wp:featuredmedia":[{"embeddable":true,"href":"https:\/\/laserenaradio.cl\/web\/wp-json\/wp\/v2\/media\/13482"}],"wp:attachment":[{"href":"https:\/\/laserenaradio.cl\/web\/wp-json\/wp\/v2\/media?parent=13483"}],"wp:term":[{"taxonomy":"category","embeddable":true,"href":"https:\/\/laserenaradio.cl\/web\/wp-json\/wp\/v2\/categories?post=13483"},{"taxonomy":"post_tag","embeddable":true,"href":"https:\/\/laserenaradio.cl\/web\/wp-json\/wp\/v2\/tags?post=13483"}],"curies":[{"name":"wp","href":"https:\/\/api.w.org\/{rel}","templated":true}]}}