{"id":13480,"date":"2025-03-22T17:45:08","date_gmt":"2025-03-22T20:45:08","guid":{"rendered":"https:\/\/laserenaradio.cl\/web\/?p=13480"},"modified":"2025-03-22T17:45:08","modified_gmt":"2025-03-22T20:45:08","slug":"ecuador-se-acerca-al-mundial-tras-un-gran-triunfo-ante-venezuela","status":"publish","type":"post","link":"https:\/\/laserenaradio.cl\/web\/2025\/03\/22\/ecuador-se-acerca-al-mundial-tras-un-gran-triunfo-ante-venezuela\/","title":{"rendered":"Ecuador se acerca al Mundial tras un gran triunfo ante Venezuela"},"content":{"rendered":"<p><b>Ecuador, a las puertas de la Copa del Mundo 2026, logr\u00f3 una victoria crucial ante Venezuela por 2-1 en Quito, mejorando su posici\u00f3n en la clasificaci\u00f3n<\/b><!--more-->.<\/p>\n<p>A pesar de arrancar con -3 puntos debido al fallo del TAS en el caso de Byron Castillo, dirigido por Sebasti\u00e1n Beccacece, los ecuatorianos se han acercado al boleto para el torneo que se realizar\u00e1 en EEUU, M\u00e9xico y Canad\u00e1.<\/p>\n<p>El delantero Gonzalo Plata record\u00f3 la demanda presentada por la ANFP ante la FIFA sobre la inscripci\u00f3n de Castillo. Chile hab\u00eda acusado al jugador y a la federaci\u00f3n ecuatoriana por falsedad en el certificado de nacimiento y declaraciones de edad, lo que gener\u00f3 una gran controversia. Sin embargo, Plata enfatiz\u00f3 que el equipo est\u00e1 motivado para vencer a La Roja en el pr\u00f3ximo partido del martes 25 de marzo.<\/p>\n<p>&#8220;El grupo est\u00e1 tranquilo y enfocado&#8221;, se\u00f1al\u00f3 Plata, mientras que Pervis Estupi\u00f1\u00e1n, lateral izquierdo del Brighton, destac\u00f3 la importancia de obtener los tres puntos en Santiago para asegurar la clasificaci\u00f3n.<\/p>\n<p>El jugador record\u00f3 haber anotado contra Chile en el 2021, lo cual podr\u00eda ser crucial para Ecuador en este enfrentamiento.<\/p>\n<p>Actualmente, Ecuador suma 22 puntos y ocupa el segundo lugar en la tabla de posiciones, manteniendo su oportunidad de clasificaci\u00f3n directa a la Copa del Mundo 2026. En contraste, Chile se encuentra en la \u00faltima posici\u00f3n con solo nueve unidades.<\/p>\n","protected":false},"excerpt":{"rendered":"<p>Ecuador, a las puertas de la Copa del Mundo 2026, logr\u00f3 una victoria crucial ante Venezuela por 2-1 en Quito, mejorando su posici\u00f3n en la clasificaci\u00f3n<\/p>\n","protected":false},"author":2,"featured_media":13479,"comment_status":"closed","ping_status":"open","sticky":false,"template":"","format":"standard","meta":{"_jetpack_memberships_contains_paid_content":false,"jnews-multi-image_gallery":[],"jnews_single_post":[],"jnews_primary_category":[],"jnews_social_meta":[],"jnews_paywall_metabox":[],"jnews_review":[],"enable_review":"","type":"","name":"","summary":"","brand":"","sku":"","good":[],"bad":[],"score_override":"","override_value":"","rating":[],"price":[],"jnews_override_counter":[],"jnews_post_split":[],"footnotes":""},"categories":[84],"tags":[],"class_list":["post-13480","post","type-post","status-publish","format-standard","has-post-thumbnail","hentry","category-deportes"],"jetpack_featured_media_url":"https:\/\/laserenaradio.cl\/web\/wp-content\/uploads\/2025\/03\/homepiaiextractoscrapimg_predeterminadalaserenaradio_deportes-4.webp","jetpack_sharing_enabled":true,"_links":{"self":[{"href":"https:\/\/laserenaradio.cl\/web\/wp-json\/wp\/v2\/posts\/13480","targetHints":{"allow":["GET"]}}],"collection":[{"href":"https:\/\/laserenaradio.cl\/web\/wp-json\/wp\/v2\/posts"}],"about":[{"href":"https:\/\/laserenaradio.cl\/web\/wp-json\/wp\/v2\/types\/post"}],"author":[{"embeddable":true,"href":"https:\/\/laserenaradio.cl\/web\/wp-json\/wp\/v2\/users\/2"}],"replies":[{"embeddable":true,"href":"https:\/\/laserenaradio.cl\/web\/wp-json\/wp\/v2\/comments?post=13480"}],"version-history":[{"count":1,"href":"https:\/\/laserenaradio.cl\/web\/wp-json\/wp\/v2\/posts\/13480\/revisions"}],"predecessor-version":[{"id":13481,"href":"https:\/\/laserenaradio.cl\/web\/wp-json\/wp\/v2\/posts\/13480\/revisions\/13481"}],"wp:featuredmedia":[{"embeddable":true,"href":"https:\/\/laserenaradio.cl\/web\/wp-json\/wp\/v2\/media\/13479"}],"wp:attachment":[{"href":"https:\/\/laserenaradio.cl\/web\/wp-json\/wp\/v2\/media?parent=13480"}],"wp:term":[{"taxonomy":"category","embeddable":true,"href":"https:\/\/laserenaradio.cl\/web\/wp-json\/wp\/v2\/categories?post=13480"},{"taxonomy":"post_tag","embeddable":true,"href":"https:\/\/laserenaradio.cl\/web\/wp-json\/wp\/v2\/tags?post=13480"}],"curies":[{"name":"wp","href":"https:\/\/api.w.org\/{rel}","templated":true}]}}