{"id":13477,"date":"2025-03-22T11:33:10","date_gmt":"2025-03-22T14:33:10","guid":{"rendered":"https:\/\/laserenaradio.cl\/web\/?p=13477"},"modified":"2025-03-22T11:33:10","modified_gmt":"2025-03-22T14:33:10","slug":"chile-implementara-nuevos-prefijos-para-identificar-llamadas-comerciales-solicitadas-o-no-deseadas","status":"publish","type":"post","link":"https:\/\/laserenaradio.cl\/web\/2025\/03\/22\/chile-implementara-nuevos-prefijos-para-identificar-llamadas-comerciales-solicitadas-o-no-deseadas\/","title":{"rendered":"Chile implementar\u00e1 nuevos prefijos para identificar llamadas comerciales solicitadas o no deseadas"},"content":{"rendered":"<p><b>En un esfuerzo por combatir la creciente problem\u00e1tica del spam telef\u00f3nico en Chile, la Subsecretar\u00eda de Telecomunicaciones (Subtel) anunci\u00f3 la implementaci\u00f3n de una nueva norma t\u00e9cnica mediante prefijos espec\u00edficos que permitir\u00e1 a los usuarios reconocer y controlar las llamadas comerciales deseadas y no deseadas.<\/b><\/p>\n<p>A partir de agosto de 2025, las llamadas comerciales no solicitadas deber\u00e1n utilizar el prefijo 809, mientras que aquellas solicitadas estar\u00e1n bajo la numeraci\u00f3n 600.<\/p>\n<p>Esta medida forma parte de la Agenda de Seguridad Digital impulsada por el gobierno y busca otorgar mayor transparencia a los consumidores.<\/p>\n<p>&#8220;Lo que estamos anunciando hoy es que todas las empresas que hagan llamadas masivas deber\u00e1n ce\u00f1irse a estos dos prefijos que van a estar debidamente identificados&#8221;, explic\u00f3 el ministro de Transportes y Telecomunicaciones, Juan Carlos Mu\u00f1oz.<\/p>\n<p>Las empresas que deseen utilizar el prefijo 809 deber\u00e1n registrarse ante su proveedor de telecomunicaciones, asegurando as\u00ed que los responsables de este tipo de comunicaciones sean identificables.<\/p>\n<p>&#8220;Si se da el caso de que ocurra un fraude, esto permitir\u00e1 identificar a quien se debe recurrir&#8221;, enfatiz\u00f3 el ministro Mu\u00f1oz.<\/p>\n<p>Desde la Subtel explicaron que esta regulaci\u00f3n excluye a las comunicaciones de emergencia y otras que la entidad determine mediante resoluci\u00f3n.<\/p>\n<p>Con esta iniciativa, se espera que los ciudadanos tengan mayor control sobre las llamadas que reciben y se reduzcan los abusos en la oferta de servicios comerciales a trav\u00e9s del tel\u00e9fono.<\/p>\n","protected":false},"excerpt":{"rendered":"<p>En un esfuerzo por combatir la creciente problem\u00e1tica del spam telef\u00f3nico en Chile, la Subsecretar\u00eda de Telecomunicaciones (Subtel) anunci\u00f3 la implementaci\u00f3n de una nueva norma t\u00e9cnica mediante prefijos espec\u00edficos que permitir\u00e1 a los usuarios reconocer y controlar las llamadas comerciales deseadas y no deseadas. A partir de agosto de 2025, las llamadas comerciales no solicitadas [&hellip;]<\/p>\n","protected":false},"author":2,"featured_media":13476,"comment_status":"closed","ping_status":"open","sticky":false,"template":"","format":"standard","meta":{"_jetpack_memberships_contains_paid_content":false,"jnews-multi-image_gallery":[],"jnews_single_post":[],"jnews_primary_category":[],"jnews_social_meta":[],"jnews_paywall_metabox":[],"jnews_review":[],"enable_review":"","type":"","name":"","summary":"","brand":"","sku":"","good":[],"bad":[],"score_override":"","override_value":"","rating":[],"price":[],"jnews_override_counter":[],"jnews_post_split":[],"footnotes":""},"categories":[21],"tags":[],"class_list":["post-13477","post","type-post","status-publish","format-standard","has-post-thumbnail","hentry","category-nacional"],"jetpack_featured_media_url":"https:\/\/laserenaradio.cl\/web\/wp-content\/uploads\/2025\/03\/homepiaiextractoscrapimg_webpChilellamadas_0.webp","jetpack_sharing_enabled":true,"_links":{"self":[{"href":"https:\/\/laserenaradio.cl\/web\/wp-json\/wp\/v2\/posts\/13477","targetHints":{"allow":["GET"]}}],"collection":[{"href":"https:\/\/laserenaradio.cl\/web\/wp-json\/wp\/v2\/posts"}],"about":[{"href":"https:\/\/laserenaradio.cl\/web\/wp-json\/wp\/v2\/types\/post"}],"author":[{"embeddable":true,"href":"https:\/\/laserenaradio.cl\/web\/wp-json\/wp\/v2\/users\/2"}],"replies":[{"embeddable":true,"href":"https:\/\/laserenaradio.cl\/web\/wp-json\/wp\/v2\/comments?post=13477"}],"version-history":[{"count":1,"href":"https:\/\/laserenaradio.cl\/web\/wp-json\/wp\/v2\/posts\/13477\/revisions"}],"predecessor-version":[{"id":13478,"href":"https:\/\/laserenaradio.cl\/web\/wp-json\/wp\/v2\/posts\/13477\/revisions\/13478"}],"wp:featuredmedia":[{"embeddable":true,"href":"https:\/\/laserenaradio.cl\/web\/wp-json\/wp\/v2\/media\/13476"}],"wp:attachment":[{"href":"https:\/\/laserenaradio.cl\/web\/wp-json\/wp\/v2\/media?parent=13477"}],"wp:term":[{"taxonomy":"category","embeddable":true,"href":"https:\/\/laserenaradio.cl\/web\/wp-json\/wp\/v2\/categories?post=13477"},{"taxonomy":"post_tag","embeddable":true,"href":"https:\/\/laserenaradio.cl\/web\/wp-json\/wp\/v2\/tags?post=13477"}],"curies":[{"name":"wp","href":"https:\/\/api.w.org\/{rel}","templated":true}]}}