{"id":13474,"date":"2025-03-22T11:29:13","date_gmt":"2025-03-22T14:29:13","guid":{"rendered":"https:\/\/laserenaradio.cl\/web\/?p=13474"},"modified":"2025-03-22T11:29:13","modified_gmt":"2025-03-22T14:29:13","slug":"ampliacion-de-detencion-para-tomas-antihuen","status":"publish","type":"post","link":"https:\/\/laserenaradio.cl\/web\/2025\/03\/22\/ampliacion-de-detencion-para-tomas-antihuen\/","title":{"rendered":"Ampliaci\u00f3n de detenci\u00f3n para Tom\u00e1s Antihuen"},"content":{"rendered":"<p><b>Este s\u00e1bado se llev\u00f3 a cabo la audiencia de control de detenci\u00f3n para Tom\u00e1s Antihuen, principal imputado del asesinato de tres carabineros ocurrido el pasado 27 de abril de 2024 en Ca\u00f1ete, Regi\u00f3n del B\u00edo B\u00edo<\/b><!--more-->.<\/p>\n<p>El Juzgado de Garant\u00eda de Ca\u00f1ete decidi\u00f3 ampliar la detenci\u00f3n provisional por 48 horas debido a la necesidad de recopilar antecedentes adicionales, especialmente sobre las armas incautadas durante su captura este viernes.<\/p>\n<p>La abogada de Antihuen, Nelly D\u00edaz, se\u00f1al\u00f3 que la defensa tambi\u00e9n necesita esos informes y no se opuso a la ampliaci\u00f3n de la detenci\u00f3n.<\/p>\n<p>La formalizaci\u00f3n del proceso se realizar\u00e1 el lunes 24 de marzo en el mismo tribunal, aunque a\u00fan se est\u00e1n determinando los horarios exactos.<\/p>\n","protected":false},"excerpt":{"rendered":"<p>Este s\u00e1bado se llev\u00f3 a cabo la audiencia de control de detenci\u00f3n para Tom\u00e1s Antihuen, principal imputado del asesinato de tres carabineros ocurrido el pasado 27 de abril de 2024 en Ca\u00f1ete, Regi\u00f3n del B\u00edo B\u00edo<\/p>\n","protected":false},"author":2,"featured_media":13473,"comment_status":"closed","ping_status":"open","sticky":false,"template":"","format":"standard","meta":{"_jetpack_memberships_contains_paid_content":false,"jnews-multi-image_gallery":[],"jnews_single_post":[],"jnews_primary_category":[],"jnews_social_meta":[],"jnews_paywall_metabox":[],"jnews_review":[],"enable_review":"","type":"","name":"","summary":"","brand":"","sku":"","good":[],"bad":[],"score_override":"","override_value":"","rating":[],"price":[],"jnews_override_counter":[],"jnews_post_split":[],"footnotes":""},"categories":[21],"tags":[],"class_list":["post-13474","post","type-post","status-publish","format-standard","has-post-thumbnail","hentry","category-nacional"],"jetpack_featured_media_url":"https:\/\/laserenaradio.cl\/web\/wp-content\/uploads\/2025\/03\/homepiaiextractoscrapimg_webpAntihuenaudienciacontrolasesinato_0.webp","jetpack_sharing_enabled":true,"_links":{"self":[{"href":"https:\/\/laserenaradio.cl\/web\/wp-json\/wp\/v2\/posts\/13474","targetHints":{"allow":["GET"]}}],"collection":[{"href":"https:\/\/laserenaradio.cl\/web\/wp-json\/wp\/v2\/posts"}],"about":[{"href":"https:\/\/laserenaradio.cl\/web\/wp-json\/wp\/v2\/types\/post"}],"author":[{"embeddable":true,"href":"https:\/\/laserenaradio.cl\/web\/wp-json\/wp\/v2\/users\/2"}],"replies":[{"embeddable":true,"href":"https:\/\/laserenaradio.cl\/web\/wp-json\/wp\/v2\/comments?post=13474"}],"version-history":[{"count":1,"href":"https:\/\/laserenaradio.cl\/web\/wp-json\/wp\/v2\/posts\/13474\/revisions"}],"predecessor-version":[{"id":13475,"href":"https:\/\/laserenaradio.cl\/web\/wp-json\/wp\/v2\/posts\/13474\/revisions\/13475"}],"wp:featuredmedia":[{"embeddable":true,"href":"https:\/\/laserenaradio.cl\/web\/wp-json\/wp\/v2\/media\/13473"}],"wp:attachment":[{"href":"https:\/\/laserenaradio.cl\/web\/wp-json\/wp\/v2\/media?parent=13474"}],"wp:term":[{"taxonomy":"category","embeddable":true,"href":"https:\/\/laserenaradio.cl\/web\/wp-json\/wp\/v2\/categories?post=13474"},{"taxonomy":"post_tag","embeddable":true,"href":"https:\/\/laserenaradio.cl\/web\/wp-json\/wp\/v2\/tags?post=13474"}],"curies":[{"name":"wp","href":"https:\/\/api.w.org\/{rel}","templated":true}]}}