{"id":13468,"date":"2025-03-22T11:10:21","date_gmt":"2025-03-22T14:10:21","guid":{"rendered":"https:\/\/laserenaradio.cl\/web\/?p=13468"},"modified":"2025-03-22T11:10:21","modified_gmt":"2025-03-22T14:10:21","slug":"violento-enfrentamiento-entre-evangelicos-y-carabineros-en-la-plaza-de-armas-de-santiago-durante-evento-sobre-adopcion","status":"publish","type":"post","link":"https:\/\/laserenaradio.cl\/web\/2025\/03\/22\/violento-enfrentamiento-entre-evangelicos-y-carabineros-en-la-plaza-de-armas-de-santiago-durante-evento-sobre-adopcion\/","title":{"rendered":"Violento enfrentamiento entre evang\u00e9licos y Carabineros en la Plaza de Armas de Santiago durante evento sobre adopci\u00f3n"},"content":{"rendered":"<p><b>En el marco del evento &#8220;D\u00eda del que est\u00e1 por nacer y adopci\u00f3n&#8221;, organizado por el Ministerio Cristiano Comunitario Somos Padres en la Plaza de Armas de Santiago, se produjo un confrontaci\u00f3n entre participantes evang\u00e9licos y funcionarios de <a href=\"https:\/\/www.carabineros.cl\/\">Carabineros<\/a><\/b><!--more-->.<\/p>\n<p>La iniciativa, orientada a fomentar la reflexi\u00f3n sobre la adopci\u00f3n y el valor de la vida, deriv\u00f3 en un caos cuando efectivos policiales intervinieron tras diversos reclamos por el alto volumen del sonido emitido por los parlantes.<\/p>\n<p>De acuerdo con registros de video, durante el incidente, los funcionarios de <a href=\"https:\/\/www.carabineros.cl\/\">Carabineros<\/a> utilizaron bastones retr\u00e1ctiles y gas pimienta incluso en \u00e1reas donde hab\u00eda ni\u00f1os. Se observan tambi\u00e9n panderos volando y agrediendo a los efectivos policiales.<\/p>\n<p>Seg\u00fan relatos de auditores de Radio B\u00edo B\u00edo, los funcionarios llegaron sin previo aviso.<\/p>\n<p>&#8220;Empiezan a llevarse personas detenidas en medio de agresiones de pies y manos&#8221;, indic\u00f3 Alejandro, testigo presencial y oyente de La Radio.<\/p>\n<p>La intervenci\u00f3n gener\u00f3 una trifulca que escal\u00f3 r\u00e1pidamente con gritos y forcejeos captados en videos.<\/p>\n<p>Alejandro afirm\u00f3 que los carabineros actuaron con brusquedad: &#8220;Le pegaron a la hermana, la arrastraron por el suelo. Ah\u00ed hab\u00eda ni\u00f1os, mujeres y hombres. Tiraron gas pimienta a los ojos&#8221;, relat\u00f3.<\/p>\n<p>A\u00f1adi\u00f3 que no hubo advertencia previa para reducir el volumen de la m\u00fasica, pese a que algunos asistentes reconocieron que el sonido era elevado.<\/p>\n<p>El auditor insisti\u00f3 en que los evang\u00e9licos suelen predicar &#8220;en forma moderada&#8221; en la plaza y critic\u00f3 la desproporci\u00f3n de la fuerza policial.<\/p>\n<p>&#8220;Lo m\u00e1s malo fue el actuar de <a href=\"https:\/\/www.carabineros.cl\/\">Carabineros<\/a>. No es de la polic\u00eda chilena arrastrar a una mujer del pelo&#8221;, sostuvo.<\/p>\n<p>A pesar de que la actividad evang\u00e9lica efectivamente estaba autorizada por el Municipio de Santiago, el alto volumen desencaden\u00f3 reclamos que motivaron la intervenci\u00f3n policial.<\/p>\n<p>Las im\u00e1genes revelan la detenci\u00f3n de varias personas, pero hasta el cierre de esta nota no se ha confirmado el n\u00famero exacto de aprehendidos en medio del incidente en plena Plaza de Armas de Santiago.<\/p>\n","protected":false},"excerpt":{"rendered":"<p>En el marco del evento &#8220;D\u00eda del que est\u00e1 por nacer y adopci\u00f3n&#8221;, organizado por el Ministerio Cristiano Comunitario Somos Padres en la Plaza de Armas de Santiago, se produjo un confrontaci\u00f3n entre participantes evang\u00e9licos y funcionarios de Carabineros<\/p>\n","protected":false},"author":2,"featured_media":13467,"comment_status":"closed","ping_status":"open","sticky":false,"template":"","format":"standard","meta":{"_jetpack_memberships_contains_paid_content":false,"jnews-multi-image_gallery":[],"jnews_single_post":[],"jnews_primary_category":[],"jnews_social_meta":[],"jnews_paywall_metabox":[],"jnews_review":[],"enable_review":"","type":"","name":"","summary":"","brand":"","sku":"","good":[],"bad":[],"score_override":"","override_value":"","rating":[],"price":[],"jnews_override_counter":[],"jnews_post_split":[],"footnotes":""},"categories":[21],"tags":[],"class_list":["post-13468","post","type-post","status-publish","format-standard","has-post-thumbnail","hentry","category-nacional"],"jetpack_featured_media_url":"https:\/\/laserenaradio.cl\/web\/wp-content\/uploads\/2025\/03\/homepiaiextractoscrapimg_predeterminadalaserenaradio_nacional-30.webp","jetpack_sharing_enabled":true,"_links":{"self":[{"href":"https:\/\/laserenaradio.cl\/web\/wp-json\/wp\/v2\/posts\/13468","targetHints":{"allow":["GET"]}}],"collection":[{"href":"https:\/\/laserenaradio.cl\/web\/wp-json\/wp\/v2\/posts"}],"about":[{"href":"https:\/\/laserenaradio.cl\/web\/wp-json\/wp\/v2\/types\/post"}],"author":[{"embeddable":true,"href":"https:\/\/laserenaradio.cl\/web\/wp-json\/wp\/v2\/users\/2"}],"replies":[{"embeddable":true,"href":"https:\/\/laserenaradio.cl\/web\/wp-json\/wp\/v2\/comments?post=13468"}],"version-history":[{"count":1,"href":"https:\/\/laserenaradio.cl\/web\/wp-json\/wp\/v2\/posts\/13468\/revisions"}],"predecessor-version":[{"id":13469,"href":"https:\/\/laserenaradio.cl\/web\/wp-json\/wp\/v2\/posts\/13468\/revisions\/13469"}],"wp:featuredmedia":[{"embeddable":true,"href":"https:\/\/laserenaradio.cl\/web\/wp-json\/wp\/v2\/media\/13467"}],"wp:attachment":[{"href":"https:\/\/laserenaradio.cl\/web\/wp-json\/wp\/v2\/media?parent=13468"}],"wp:term":[{"taxonomy":"category","embeddable":true,"href":"https:\/\/laserenaradio.cl\/web\/wp-json\/wp\/v2\/categories?post=13468"},{"taxonomy":"post_tag","embeddable":true,"href":"https:\/\/laserenaradio.cl\/web\/wp-json\/wp\/v2\/tags?post=13468"}],"curies":[{"name":"wp","href":"https:\/\/api.w.org\/{rel}","templated":true}]}}