{"id":13465,"date":"2025-03-21T19:49:40","date_gmt":"2025-03-21T22:49:40","guid":{"rendered":"https:\/\/laserenaradio.cl\/web\/?p=13465"},"modified":"2025-03-21T19:49:40","modified_gmt":"2025-03-21T22:49:40","slug":"juicio-oral-en-contra-de-tres-personas-que-se-hacian-pasar-por-policias-en-coquimbo","status":"publish","type":"post","link":"https:\/\/laserenaradio.cl\/web\/2025\/03\/21\/juicio-oral-en-contra-de-tres-personas-que-se-hacian-pasar-por-policias-en-coquimbo\/","title":{"rendered":"Juicio oral en contra de tres personas que se hac\u00edan pasar por polic\u00edas en Coquimbo"},"content":{"rendered":"<p><b>Hoy se llev\u00f3 a cabo la primera jornada del juicio oral contra tres individuos que se hac\u00edan pasar por polic\u00edas para cometer il\u00edcitos en Coquimbo<\/b><!--more-->.<\/p>\n<p>Seg\u00fan inform\u00f3 la <a href=\"https:\/\/www.fiscaliadechile.cl\/\">Fiscal\u00eda<\/a>, los hechos ocurrieron entre abril y septiembre de 2022 en las comunas de Ovalle, Monte Patria y Punitaqui.<\/p>\n<p>Los acusados, identificados con iniciales M.C.B (31 a\u00f1os), F.L.V (23 a\u00f1os) y H.A.A (26 a\u00f1os), emplearon armas para intimidar a sus v\u00edctimas, resultando en un homicidio frustrado y otro consumado.<\/p>\n<p>Adem\u00e1s de estos cr\u00edmenes, el ente persecutor acusa microtr\u00e1fico, robo con homicidio frustrado, posesi\u00f3n y porte ilegal de armas de fuego y municiones, robo con intimidaci\u00f3n, robo con violencia y receptaci\u00f3n de veh\u00edculos motorizados.<\/p>\n<p>En cuanto a las declaraciones del fiscal Carlos Vidal, explic\u00f3 que los sujetos act\u00faan bajo la fachada de falsos polic\u00edas realizando una serie de delitos desde el homicidio hasta el robo con violencia.<\/p>\n<p>Las audiencias se han programado en diversos d\u00edas debido a estas acusaciones.<\/p>\n<p>Por seguridad, <a href=\"http:\/\/www.gendarmeria.gob.cl\/\">Gendarmer\u00eda<\/a> de Chile est\u00e1 en alerta tras un intento de rescate organizado para estos individuos, lo cual motiv\u00f3 medidas de protecci\u00f3n por parte del tribunal y las polic\u00edas (<a href=\"https:\/\/www.carabineros.cl\/\">Carabineros<\/a> de Chile, Polic\u00eda de Investigaciones de Chile y <a href=\"http:\/\/www.gendarmeria.gob.cl\/\">Gendarmer\u00eda<\/a>), acudiendo personal especializado.<\/p>\n<p>Finalmente, la <a href=\"https:\/\/www.fiscaliadechile.cl\/\">Fiscal\u00eda<\/a> pidi\u00f3 al Tribunal Oral de Ovalle que imponga altas penas para los involucrados en estos hechos..<\/p>\n","protected":false},"excerpt":{"rendered":"<p>Hoy se llev\u00f3 a cabo la primera jornada del juicio oral contra tres individuos que se hac\u00edan pasar por polic\u00edas para cometer il\u00edcitos en Coquimbo<\/p>\n","protected":false},"author":2,"featured_media":13464,"comment_status":"closed","ping_status":"open","sticky":false,"template":"","format":"standard","meta":{"_jetpack_memberships_contains_paid_content":false,"jnews-multi-image_gallery":[],"jnews_single_post":[],"jnews_primary_category":[],"jnews_social_meta":[],"jnews_paywall_metabox":[],"jnews_review":[],"enable_review":"","type":"","name":"","summary":"","brand":"","sku":"","good":[],"bad":[],"score_override":"","override_value":"","rating":[],"price":[],"jnews_override_counter":[],"jnews_post_split":[],"footnotes":""},"categories":[21],"tags":[],"class_list":["post-13465","post","type-post","status-publish","format-standard","has-post-thumbnail","hentry","category-nacional"],"jetpack_featured_media_url":"https:\/\/laserenaradio.cl\/web\/wp-content\/uploads\/2025\/03\/homepiaiextractoscrapimg_webprobohomicidioestosChile_1.webp","jetpack_sharing_enabled":true,"_links":{"self":[{"href":"https:\/\/laserenaradio.cl\/web\/wp-json\/wp\/v2\/posts\/13465","targetHints":{"allow":["GET"]}}],"collection":[{"href":"https:\/\/laserenaradio.cl\/web\/wp-json\/wp\/v2\/posts"}],"about":[{"href":"https:\/\/laserenaradio.cl\/web\/wp-json\/wp\/v2\/types\/post"}],"author":[{"embeddable":true,"href":"https:\/\/laserenaradio.cl\/web\/wp-json\/wp\/v2\/users\/2"}],"replies":[{"embeddable":true,"href":"https:\/\/laserenaradio.cl\/web\/wp-json\/wp\/v2\/comments?post=13465"}],"version-history":[{"count":1,"href":"https:\/\/laserenaradio.cl\/web\/wp-json\/wp\/v2\/posts\/13465\/revisions"}],"predecessor-version":[{"id":13466,"href":"https:\/\/laserenaradio.cl\/web\/wp-json\/wp\/v2\/posts\/13465\/revisions\/13466"}],"wp:featuredmedia":[{"embeddable":true,"href":"https:\/\/laserenaradio.cl\/web\/wp-json\/wp\/v2\/media\/13464"}],"wp:attachment":[{"href":"https:\/\/laserenaradio.cl\/web\/wp-json\/wp\/v2\/media?parent=13465"}],"wp:term":[{"taxonomy":"category","embeddable":true,"href":"https:\/\/laserenaradio.cl\/web\/wp-json\/wp\/v2\/categories?post=13465"},{"taxonomy":"post_tag","embeddable":true,"href":"https:\/\/laserenaradio.cl\/web\/wp-json\/wp\/v2\/tags?post=13465"}],"curies":[{"name":"wp","href":"https:\/\/api.w.org\/{rel}","templated":true}]}}