{"id":13459,"date":"2025-03-21T19:40:32","date_gmt":"2025-03-21T22:40:32","guid":{"rendered":"https:\/\/laserenaradio.cl\/web\/?p=13459"},"modified":"2025-03-21T19:40:32","modified_gmt":"2025-03-21T22:40:32","slug":"operativos-antidrogas-en-la-araucania-incautaron-2-mil-plantas-de-marihuana-en-comunidades-mapuche","status":"publish","type":"post","link":"https:\/\/laserenaradio.cl\/web\/2025\/03\/21\/operativos-antidrogas-en-la-araucania-incautaron-2-mil-plantas-de-marihuana-en-comunidades-mapuche\/","title":{"rendered":"Operativos antidrogas en La Araucan\u00eda: Incautaron 2 mil plantas de marihuana en comunidades mapuche"},"content":{"rendered":"<p><b>En 2023, cinco operativos antidrogas han sido llevados a cabo por el Ministerio P\u00fablico de La Araucan\u00eda<\/b><!--more-->.<\/p>\n<p>Estos se centraron principalmente en las comunidades de Malleco, incautando m\u00e1s de dos mil plantas de marihuana.<\/p>\n<p>Seg\u00fan Roberto Garrido, fiscal regional, estos casos implican organizaciones que utilizan la bandera del reclamo territorial para ocultar actividades il\u00edcitas.<\/p>\n<p>El \u00faltimo operativo, efectuado por la Brigada Antinarc\u00f3ticos y Contra el Crimen Organizado (Brianco) de la <a href=\"https:\/\/www.pdichile.cl\/\">PDI<\/a> en Chequenco Alto, Ercilla, incaut\u00f3 720 plantas de marihuana y 15 kilogramos de droga a granel.<\/p>\n<p>Las autoridades tambi\u00e9n decomisaron munici\u00f3n de guerra durante este operativo.<\/p>\n<p>En los casi tres meses anteriores, se realizaron otros cuatro operativos con apoyo de la <a href=\"https:\/\/www.pdichile.cl\/\">PDI<\/a>, Control de Orden P\u00fablico (COP) de <a href=\"https:\/\/www.carabineros.cl\/\">Carabineros<\/a> y en ocasiones del Ej\u00e9rcito.<\/p>\n<p>En comunidades como Lolocos, Pancho Curamil y Chacaico, fueron incautadas 156 plantas, 470 plantas y 200 plantas respectivamente.<\/p>\n<p>El seis de marzo, personal del OS-7 de <a href=\"https:\/\/www.carabineros.cl\/\">Carabineros<\/a> entr\u00f3 a un predio en Los Sauces usurpado por una comunidad mapuche adherida a la Resistencia Mapuche Malleco (WAM), donde se incautaron 50 plantas de marihuana.<\/p>\n<p>En su an\u00e1lisis general, Garrido explica que estos invernaderos est\u00e1n ubicados en \u00e1reas de dif\u00edcil acceso y son construidos por miembros del crimen organizado para control territorial.<\/p>\n<p>Seg\u00fan Jos\u00e9 Montalva, ex delegado presidencial regional, algunas organizaciones radicales han optado por el cultivo y venta de drogas en sectores rurales, utilizando la reivindicaci\u00f3n territorial como una fachada.<\/p>\n","protected":false},"excerpt":{"rendered":"<p>En 2023, cinco operativos antidrogas han sido llevados a cabo por el Ministerio P\u00fablico de La Araucan\u00eda<\/p>\n","protected":false},"author":2,"featured_media":13458,"comment_status":"closed","ping_status":"open","sticky":false,"template":"","format":"standard","meta":{"_jetpack_memberships_contains_paid_content":false,"jnews-multi-image_gallery":[],"jnews_single_post":[],"jnews_primary_category":[],"jnews_social_meta":[],"jnews_paywall_metabox":[],"jnews_review":[],"enable_review":"","type":"","name":"","summary":"","brand":"","sku":"","good":[],"bad":[],"score_override":"","override_value":"","rating":[],"price":[],"jnews_override_counter":[],"jnews_post_split":[],"footnotes":""},"categories":[21],"tags":[],"class_list":["post-13459","post","type-post","status-publish","format-standard","has-post-thumbnail","hentry","category-nacional"],"jetpack_featured_media_url":"https:\/\/laserenaradio.cl\/web\/wp-content\/uploads\/2025\/03\/homepiaiextractoscrapimg_webpplantasmarihuanacomunidadesterritorial_0.webp","jetpack_sharing_enabled":true,"_links":{"self":[{"href":"https:\/\/laserenaradio.cl\/web\/wp-json\/wp\/v2\/posts\/13459","targetHints":{"allow":["GET"]}}],"collection":[{"href":"https:\/\/laserenaradio.cl\/web\/wp-json\/wp\/v2\/posts"}],"about":[{"href":"https:\/\/laserenaradio.cl\/web\/wp-json\/wp\/v2\/types\/post"}],"author":[{"embeddable":true,"href":"https:\/\/laserenaradio.cl\/web\/wp-json\/wp\/v2\/users\/2"}],"replies":[{"embeddable":true,"href":"https:\/\/laserenaradio.cl\/web\/wp-json\/wp\/v2\/comments?post=13459"}],"version-history":[{"count":1,"href":"https:\/\/laserenaradio.cl\/web\/wp-json\/wp\/v2\/posts\/13459\/revisions"}],"predecessor-version":[{"id":13460,"href":"https:\/\/laserenaradio.cl\/web\/wp-json\/wp\/v2\/posts\/13459\/revisions\/13460"}],"wp:featuredmedia":[{"embeddable":true,"href":"https:\/\/laserenaradio.cl\/web\/wp-json\/wp\/v2\/media\/13458"}],"wp:attachment":[{"href":"https:\/\/laserenaradio.cl\/web\/wp-json\/wp\/v2\/media?parent=13459"}],"wp:term":[{"taxonomy":"category","embeddable":true,"href":"https:\/\/laserenaradio.cl\/web\/wp-json\/wp\/v2\/categories?post=13459"},{"taxonomy":"post_tag","embeddable":true,"href":"https:\/\/laserenaradio.cl\/web\/wp-json\/wp\/v2\/tags?post=13459"}],"curies":[{"name":"wp","href":"https:\/\/api.w.org\/{rel}","templated":true}]}}