{"id":13456,"date":"2025-03-21T19:06:13","date_gmt":"2025-03-21T22:06:13","guid":{"rendered":"https:\/\/laserenaradio.cl\/web\/?p=13456"},"modified":"2025-03-21T19:06:13","modified_gmt":"2025-03-21T22:06:13","slug":"detienen-a-tomas-antihuen-profugo-acusado-del-brutal-crimen-de-tres-carabineros-en-chile","status":"publish","type":"post","link":"https:\/\/laserenaradio.cl\/web\/2025\/03\/21\/detienen-a-tomas-antihuen-profugo-acusado-del-brutal-crimen-de-tres-carabineros-en-chile\/","title":{"rendered":"Detienen a Tom\u00e1s Antihuen, pr\u00f3fugo acusado del brutal crimen de tres carabineros en Chile"},"content":{"rendered":"<p><b>El Presidente Gabriel Boric celebr\u00f3 la recaptureci\u00f3n de Tom\u00e1s Antihuen, quien estaba pr\u00f3fugo y es acusado del crimen brutal contra tres carabineros en Ca\u00f1ete<\/b><!--more-->.<\/p>\n<p>El hecho ocurri\u00f3 el 27 de abril pasado y ha sido un punto \u00e1lgido para la seguridad nacional.<\/p>\n<p>Boric reaccion\u00f3 a trav\u00e9s de redes sociales: &#8220;Cuando se cometi\u00f3 el alevoso crimen de los suboficiales mayores Carlos Cisterna Navarro, Sergio Ar\u00e9valo Lobo y Misael Vidal Cid, dijimos inmediatamente que el Estado no iba a descansar hasta encontrar a los responsables y ponerlos ante la justicia. Estamos cumpliendo&#8221;, afirm\u00f3.<\/p>\n<p>La detenci\u00f3n de Antihuen fue llevada a cabo por efectivos del GOPE de <a href=\"https:\/\/www.carabineros.cl\/\">Carabineros<\/a> en una caba\u00f1a ubicada en el sector del Lago Lleu Lleu, a unos 10 kil\u00f3metros del lugar donde los tres carabineros fueron asesinados y sus cuerpos quemados.<\/p>\n<p>Roberto Garrido, fiscal de La Araucan\u00eda encargado de la investigaci\u00f3n, inform\u00f3 que Antihuen fue detenido en un domicilio observado por <a href=\"https:\/\/www.carabineros.cl\/\">Carabineros<\/a>.<\/p>\n<p>Adem\u00e1s, se incaut\u00f3 un bolso que conten\u00eda una subametralladora Uzi, la cual ser\u00e1 periciada para determinar si es una de las armas robadas a los efectivos asesinados.<\/p>\n<p>Antihuen pasar\u00e1 ma\u00f1ana a control y formalizaci\u00f3n de cargos en el Juzgado de Garant\u00eda de Ca\u00f1ete.<\/p>\n<p>Adem\u00e1s, se realizar\u00e1 una audiencia por otra causa pendiente..<\/p>\n","protected":false},"excerpt":{"rendered":"<p>El Presidente Gabriel Boric celebr\u00f3 la recaptureci\u00f3n de Tom\u00e1s Antihuen, quien estaba pr\u00f3fugo y es acusado del crimen brutal contra tres carabineros en Ca\u00f1ete<\/p>\n","protected":false},"author":2,"featured_media":13455,"comment_status":"closed","ping_status":"open","sticky":false,"template":"","format":"standard","meta":{"_jetpack_memberships_contains_paid_content":false,"jnews-multi-image_gallery":[],"jnews_single_post":[],"jnews_primary_category":[],"jnews_social_meta":[],"jnews_paywall_metabox":[],"jnews_review":[],"enable_review":"","type":"","name":"","summary":"","brand":"","sku":"","good":[],"bad":[],"score_override":"","override_value":"","rating":[],"price":[],"jnews_override_counter":[],"jnews_post_split":[],"footnotes":""},"categories":[21],"tags":[],"class_list":["post-13456","post","type-post","status-publish","format-standard","has-post-thumbnail","hentry","category-nacional"],"jetpack_featured_media_url":"https:\/\/laserenaradio.cl\/web\/wp-content\/uploads\/2025\/03\/homepiaiextractoscrapimg_predeterminadalaserenaradio_nacional-29.webp","jetpack_sharing_enabled":true,"_links":{"self":[{"href":"https:\/\/laserenaradio.cl\/web\/wp-json\/wp\/v2\/posts\/13456","targetHints":{"allow":["GET"]}}],"collection":[{"href":"https:\/\/laserenaradio.cl\/web\/wp-json\/wp\/v2\/posts"}],"about":[{"href":"https:\/\/laserenaradio.cl\/web\/wp-json\/wp\/v2\/types\/post"}],"author":[{"embeddable":true,"href":"https:\/\/laserenaradio.cl\/web\/wp-json\/wp\/v2\/users\/2"}],"replies":[{"embeddable":true,"href":"https:\/\/laserenaradio.cl\/web\/wp-json\/wp\/v2\/comments?post=13456"}],"version-history":[{"count":1,"href":"https:\/\/laserenaradio.cl\/web\/wp-json\/wp\/v2\/posts\/13456\/revisions"}],"predecessor-version":[{"id":13457,"href":"https:\/\/laserenaradio.cl\/web\/wp-json\/wp\/v2\/posts\/13456\/revisions\/13457"}],"wp:featuredmedia":[{"embeddable":true,"href":"https:\/\/laserenaradio.cl\/web\/wp-json\/wp\/v2\/media\/13455"}],"wp:attachment":[{"href":"https:\/\/laserenaradio.cl\/web\/wp-json\/wp\/v2\/media?parent=13456"}],"wp:term":[{"taxonomy":"category","embeddable":true,"href":"https:\/\/laserenaradio.cl\/web\/wp-json\/wp\/v2\/categories?post=13456"},{"taxonomy":"post_tag","embeddable":true,"href":"https:\/\/laserenaradio.cl\/web\/wp-json\/wp\/v2\/tags?post=13456"}],"curies":[{"name":"wp","href":"https:\/\/api.w.org\/{rel}","templated":true}]}}