{"id":13453,"date":"2025-03-21T19:04:01","date_gmt":"2025-03-21T22:04:01","guid":{"rendered":"https:\/\/laserenaradio.cl\/web\/?p=13453"},"modified":"2025-03-21T19:04:01","modified_gmt":"2025-03-21T22:04:01","slug":"ocho-punaladas-dejaron-a-estudiante-de-un-liceo-de-la-araucania-con-la-vida-al-filo","status":"publish","type":"post","link":"https:\/\/laserenaradio.cl\/web\/2025\/03\/21\/ocho-punaladas-dejaron-a-estudiante-de-un-liceo-de-la-araucania-con-la-vida-al-filo\/","title":{"rendered":"Ocho pu\u00f1aladas dejaron a estudiante de un Liceo de La Araucan\u00eda con la vida al filo"},"content":{"rendered":"<p><b>En el Liceo Juanita Fern\u00e1ndez Solar de Angol, en La Araucan\u00eda, ocurri\u00f3 un grave caso de violencia escolar<\/b><!--more-->.<\/p>\n<p>Un estudiante result\u00f3 herido tras recibir 8 pu\u00f1aladas por parte de otro alumno durante el horario de recreo.<\/p>\n<p>El agresor fue detenido y formalizado por lesiones graves, quedando internado provisoriamente.<\/p>\n<p>Seg\u00fan <a href=\"https:\/\/www.carabineros.cl\/\">Carabineros<\/a>, el ataque se produjo el jueves y el adolescente herido fue trasladado a un hospital local, donde fue estabilizado.<\/p>\n<p>Posteriormente, fue llevado al Hospital de Temuco para tratamiento especializado.<\/p>\n<p>El abuelo del estudiante, Alejandro Jeldres, inform\u00f3 a Radio B\u00edo B\u00edo que el menor recibi\u00f3 intervenci\u00f3n quir\u00fargica y se encuentra estable en su estado grave.<\/p>\n<p>Inicialmente se supon\u00eda que el joven hab\u00eda sido herido por cuatro pu\u00f1aladas, pero la doctora que lo atendi\u00f3 comunic\u00f3 que fueron 8.<\/p>\n<p>El ataque perfor\u00f3 un pulm\u00f3n y el colon del adolescente.<\/p>\n<p>Ante este hecho, Marcela Castro, seremi de Educaci\u00f3n de La Araucan\u00eda, lament\u00f3 que se registren violencias en espacios educativos.<\/p>\n<p>Indic\u00f3 que el <a href=\"https:\/\/www.mineduc.cl\/\">Ministerio de Educaci\u00f3n<\/a> monitore\u00f3 la situaci\u00f3n tanto en el liceo como en el acompa\u00f1amiento a la familia del estudiante herido.<\/p>\n<p>Este viernes se llev\u00f3 a cabo la audiencia de formalizaci\u00f3n de cargo del agresor ante el Juzgado de Garant\u00eda de Angol, donde se orden\u00f3 su internaci\u00f3n provisoria en un centro penitenciario.<\/p>\n<p>Este caso sirve como una alerta sobre la necesidad de medidas preventivas y respaldo para las comunidades educativas en La Araucan\u00eda y a nivel nacional.<\/p>\n","protected":false},"excerpt":{"rendered":"<p>En el Liceo Juanita Fern\u00e1ndez Solar de Angol, en La Araucan\u00eda, ocurri\u00f3 un grave caso de violencia escolar<\/p>\n","protected":false},"author":2,"featured_media":13452,"comment_status":"closed","ping_status":"open","sticky":false,"template":"","format":"standard","meta":{"_jetpack_memberships_contains_paid_content":false,"jnews-multi-image_gallery":[],"jnews_single_post":[],"jnews_primary_category":[],"jnews_social_meta":[],"jnews_paywall_metabox":[],"jnews_review":[],"enable_review":"","type":"","name":"","summary":"","brand":"","sku":"","good":[],"bad":[],"score_override":"","override_value":"","rating":[],"price":[],"jnews_override_counter":[],"jnews_post_split":[],"footnotes":""},"categories":[21],"tags":[],"class_list":["post-13453","post","type-post","status-publish","format-standard","has-post-thumbnail","hentry","category-nacional"],"jetpack_featured_media_url":"https:\/\/laserenaradio.cl\/web\/wp-content\/uploads\/2025\/03\/homepiaiextractoscrapimg_predeterminadalaserenaradio_ultimo_minuto-6.webp","jetpack_sharing_enabled":true,"_links":{"self":[{"href":"https:\/\/laserenaradio.cl\/web\/wp-json\/wp\/v2\/posts\/13453","targetHints":{"allow":["GET"]}}],"collection":[{"href":"https:\/\/laserenaradio.cl\/web\/wp-json\/wp\/v2\/posts"}],"about":[{"href":"https:\/\/laserenaradio.cl\/web\/wp-json\/wp\/v2\/types\/post"}],"author":[{"embeddable":true,"href":"https:\/\/laserenaradio.cl\/web\/wp-json\/wp\/v2\/users\/2"}],"replies":[{"embeddable":true,"href":"https:\/\/laserenaradio.cl\/web\/wp-json\/wp\/v2\/comments?post=13453"}],"version-history":[{"count":1,"href":"https:\/\/laserenaradio.cl\/web\/wp-json\/wp\/v2\/posts\/13453\/revisions"}],"predecessor-version":[{"id":13454,"href":"https:\/\/laserenaradio.cl\/web\/wp-json\/wp\/v2\/posts\/13453\/revisions\/13454"}],"wp:featuredmedia":[{"embeddable":true,"href":"https:\/\/laserenaradio.cl\/web\/wp-json\/wp\/v2\/media\/13452"}],"wp:attachment":[{"href":"https:\/\/laserenaradio.cl\/web\/wp-json\/wp\/v2\/media?parent=13453"}],"wp:term":[{"taxonomy":"category","embeddable":true,"href":"https:\/\/laserenaradio.cl\/web\/wp-json\/wp\/v2\/categories?post=13453"},{"taxonomy":"post_tag","embeddable":true,"href":"https:\/\/laserenaradio.cl\/web\/wp-json\/wp\/v2\/tags?post=13453"}],"curies":[{"name":"wp","href":"https:\/\/api.w.org\/{rel}","templated":true}]}}