{"id":13450,"date":"2025-03-21T12:40:26","date_gmt":"2025-03-21T15:40:26","guid":{"rendered":"https:\/\/laserenaradio.cl\/web\/?p=13450"},"modified":"2025-03-21T12:40:26","modified_gmt":"2025-03-21T15:40:26","slug":"la-ministra-jeannette-jara-un-centroizquierda-unido-le-hara-bien-a-chile","status":"publish","type":"post","link":"https:\/\/laserenaradio.cl\/web\/2025\/03\/21\/la-ministra-jeannette-jara-un-centroizquierda-unido-le-hara-bien-a-chile\/","title":{"rendered":"La ministra Jeannette Jara: Un centroizquierda unido le har\u00e1 bien a Chile."},"content":{"rendered":"<p><b>La ministra del Trabajo Jeannette Jara (PC) destac\u00f3 la importancia de una centroizquierda unida ante los desaf\u00edos presidenciales enfrentados por el oficialismo<\/b><!--more-->.<\/p>\n<p>En entrevista con el Expreso B\u00edo B\u00edo, manifest\u00f3 su preocupaci\u00f3n frente a propuestas que considera \u201cun retroceso civilizatorio\u201d.<\/p>\n<p>Jara cit\u00f3 ejemplos como la pena de muerte y los derechos de las mujeres, subrayando que &#8220;hay un peligro de retroceso importante&#8221;.<\/p>\n<p>Adem\u00e1s, la ministra defendi\u00f3 el proyecto de justicia social, resaltando su necesidad de profundizaci\u00f3n.<\/p>\n<p>En cuanto a la coalici\u00f3n pol\u00edtica, Jara se\u00f1al\u00f3 que la Democracia Cristiana (DC) es quien debe tomar la decisi\u00f3n.<\/p>\n<p>Sin embargo, expres\u00f3 optimismo al se\u00f1alar que &#8220;trabajamos bastante bien&#8221; en la Nueva Mayor\u00eda.<\/p>\n","protected":false},"excerpt":{"rendered":"<p>La ministra del Trabajo Jeannette Jara (PC) destac\u00f3 la importancia de una centroizquierda unida ante los desaf\u00edos presidenciales enfrentados por el oficialismo<\/p>\n","protected":false},"author":2,"featured_media":13449,"comment_status":"closed","ping_status":"open","sticky":false,"template":"","format":"standard","meta":{"_jetpack_memberships_contains_paid_content":false,"jnews-multi-image_gallery":[],"jnews_single_post":[],"jnews_primary_category":[],"jnews_social_meta":[],"jnews_paywall_metabox":[],"jnews_review":[],"enable_review":"","type":"","name":"","summary":"","brand":"","sku":"","good":[],"bad":[],"score_override":"","override_value":"","rating":[],"price":[],"jnews_override_counter":[],"jnews_post_split":[],"footnotes":""},"categories":[83],"tags":[],"class_list":["post-13450","post","type-post","status-publish","format-standard","has-post-thumbnail","hentry","category-politica"],"jetpack_featured_media_url":"https:\/\/laserenaradio.cl\/web\/wp-content\/uploads\/2025\/03\/homepiaiextractoscrapimg_predeterminadalaserenaradio_politica-11.webp","jetpack_sharing_enabled":true,"_links":{"self":[{"href":"https:\/\/laserenaradio.cl\/web\/wp-json\/wp\/v2\/posts\/13450","targetHints":{"allow":["GET"]}}],"collection":[{"href":"https:\/\/laserenaradio.cl\/web\/wp-json\/wp\/v2\/posts"}],"about":[{"href":"https:\/\/laserenaradio.cl\/web\/wp-json\/wp\/v2\/types\/post"}],"author":[{"embeddable":true,"href":"https:\/\/laserenaradio.cl\/web\/wp-json\/wp\/v2\/users\/2"}],"replies":[{"embeddable":true,"href":"https:\/\/laserenaradio.cl\/web\/wp-json\/wp\/v2\/comments?post=13450"}],"version-history":[{"count":1,"href":"https:\/\/laserenaradio.cl\/web\/wp-json\/wp\/v2\/posts\/13450\/revisions"}],"predecessor-version":[{"id":13451,"href":"https:\/\/laserenaradio.cl\/web\/wp-json\/wp\/v2\/posts\/13450\/revisions\/13451"}],"wp:featuredmedia":[{"embeddable":true,"href":"https:\/\/laserenaradio.cl\/web\/wp-json\/wp\/v2\/media\/13449"}],"wp:attachment":[{"href":"https:\/\/laserenaradio.cl\/web\/wp-json\/wp\/v2\/media?parent=13450"}],"wp:term":[{"taxonomy":"category","embeddable":true,"href":"https:\/\/laserenaradio.cl\/web\/wp-json\/wp\/v2\/categories?post=13450"},{"taxonomy":"post_tag","embeddable":true,"href":"https:\/\/laserenaradio.cl\/web\/wp-json\/wp\/v2\/tags?post=13450"}],"curies":[{"name":"wp","href":"https:\/\/api.w.org\/{rel}","templated":true}]}}