{"id":13438,"date":"2025-03-20T22:26:59","date_gmt":"2025-03-21T01:26:59","guid":{"rendered":"https:\/\/laserenaradio.cl\/web\/?p=13438"},"modified":"2025-03-20T22:26:59","modified_gmt":"2025-03-21T01:26:59","slug":"sindicatos-de-tiendas-piden-a-falabella-ripley-y-paris-cerrar-sus-puertas-este-viernes-santo","status":"publish","type":"post","link":"https:\/\/laserenaradio.cl\/web\/2025\/03\/20\/sindicatos-de-tiendas-piden-a-falabella-ripley-y-paris-cerrar-sus-puertas-este-viernes-santo\/","title":{"rendered":"Sindicatos de tiendas piden a Falabella, Ripley y Par\u00eds cerrar sus puertas este Viernes Santo"},"content":{"rendered":"<p><b>Representantes de sindicatos de Falabella, Ripley y Par\u00eds se reunieron con el cardenal Fernando Chomali, arzobispo de Santiago, para expresar su rechazo a la decisi\u00f3n de estas empresas de abrir sus tiendas en Viernes Santo<\/b><!--more-->.<\/p>\n<p>Esta medida in\u00e9dita afectar\u00eda el derecho de miles de trabajadores, principalmente mujeres, a participar en celebraciones religiosas y momentos familiares clave.<\/p>\n<p>Pamela Cer\u00f3n, vocera de los sindicatos, declar\u00f3: &#8220;No es vendible este d\u00eda&#8221;.<\/p>\n<p>El cardenal Chomali respald\u00f3 las demandas de los trabajadores y enfatiz\u00f3 que la fe es una dimensi\u00f3n fundamental del ser humano.<\/p>\n<p>Critic\u00f3 que se priorice el beneficio econ\u00f3mico sobre el patrimonio cultural y espiritual del pa\u00eds, asegurando: &#8220;La prosperidad de una sociedad no se mide \u00fanicamente en t\u00e9rminos econ\u00f3micos, sino tambi\u00e9n en su riqueza espiritual&#8221;.<\/p>\n<p>El Arzobispo de Santiago advirti\u00f3 que abrir tiendas en Viernes Santo hiere profundamente nuestra alma al atentar contra tradiciones que nutren la identidad nacional.<\/p>\n<p>Marco Delgado Rojas, l\u00edder de la Federaci\u00f3n de Sindicatos de Ripley, subray\u00f3: &#8220;Es injusto que las empresas busquen abrir en Viernes Santo&#8221;.<\/p>\n<p>Juan Antibil, presidente de la Federaci\u00f3n Nacional Paris Cenco, a\u00f1adi\u00f3: &#8220;El respaldo de la Iglesia ha sido clave para visibilizar el conflicto&#8221;.<\/p>\n<p>El cardenal Chomali record\u00f3 que el Estado declara feriado el Viernes Santo porque reconoce su valor como un bien para los chilenos.<\/p>\n<p>&#8220;Las empresas tienen responsabilidad de preservar el valor social, no de desperdiciarlo&#8221;, enfatiz\u00f3.<\/p>\n<p>Recordando la importancia del descanso y la comunidad, llam\u00f3 a las empresas a respetar el Viernes Santo como un d\u00eda para discernimiento, reflexi\u00f3n y celebraci\u00f3n.<\/p>\n<p>En esa l\u00ednea, Chomali hizo un llamado directo a las empresas involucradas: &#8220;Reconsideren esta decisi\u00f3n. Permitan que miles de familias vivan una Semana Santa bendecida&#8221;.<\/p>\n<p>Asegur\u00f3 que su postura representa a la &#8220;inmensa mayor\u00eda del pa\u00eds&#8221; y que la ciudadan\u00eda agradecer\u00e1 el cierre de tiendas ese d\u00eda, reafirmando: &#8220;El trabajo est\u00e1 al servicio del ser humano, no al rev\u00e9s. No es una mercanc\u00eda que se transa en el mercado&#8221;.<\/p>\n","protected":false},"excerpt":{"rendered":"<p>Representantes de sindicatos de Falabella, Ripley y Par\u00eds se reunieron con el cardenal Fernando Chomali, arzobispo de Santiago, para expresar su rechazo a la decisi\u00f3n de estas empresas de abrir sus tiendas en Viernes Santo<\/p>\n","protected":false},"author":2,"featured_media":13437,"comment_status":"closed","ping_status":"open","sticky":false,"template":"","format":"standard","meta":{"_jetpack_memberships_contains_paid_content":false,"jnews-multi-image_gallery":[],"jnews_single_post":[],"jnews_primary_category":[],"jnews_social_meta":[],"jnews_paywall_metabox":[],"jnews_review":[],"enable_review":"","type":"","name":"","summary":"","brand":"","sku":"","good":[],"bad":[],"score_override":"","override_value":"","rating":[],"price":[],"jnews_override_counter":[],"jnews_post_split":[],"footnotes":""},"categories":[21],"tags":[],"class_list":["post-13438","post","type-post","status-publish","format-standard","has-post-thumbnail","hentry","category-nacional"],"jetpack_featured_media_url":"https:\/\/laserenaradio.cl\/web\/wp-content\/uploads\/2025\/03\/homepiaiextractoscrapimg_predeterminadalaserenaradio_nacional-28.webp","jetpack_sharing_enabled":true,"_links":{"self":[{"href":"https:\/\/laserenaradio.cl\/web\/wp-json\/wp\/v2\/posts\/13438","targetHints":{"allow":["GET"]}}],"collection":[{"href":"https:\/\/laserenaradio.cl\/web\/wp-json\/wp\/v2\/posts"}],"about":[{"href":"https:\/\/laserenaradio.cl\/web\/wp-json\/wp\/v2\/types\/post"}],"author":[{"embeddable":true,"href":"https:\/\/laserenaradio.cl\/web\/wp-json\/wp\/v2\/users\/2"}],"replies":[{"embeddable":true,"href":"https:\/\/laserenaradio.cl\/web\/wp-json\/wp\/v2\/comments?post=13438"}],"version-history":[{"count":1,"href":"https:\/\/laserenaradio.cl\/web\/wp-json\/wp\/v2\/posts\/13438\/revisions"}],"predecessor-version":[{"id":13439,"href":"https:\/\/laserenaradio.cl\/web\/wp-json\/wp\/v2\/posts\/13438\/revisions\/13439"}],"wp:featuredmedia":[{"embeddable":true,"href":"https:\/\/laserenaradio.cl\/web\/wp-json\/wp\/v2\/media\/13437"}],"wp:attachment":[{"href":"https:\/\/laserenaradio.cl\/web\/wp-json\/wp\/v2\/media?parent=13438"}],"wp:term":[{"taxonomy":"category","embeddable":true,"href":"https:\/\/laserenaradio.cl\/web\/wp-json\/wp\/v2\/categories?post=13438"},{"taxonomy":"post_tag","embeddable":true,"href":"https:\/\/laserenaradio.cl\/web\/wp-json\/wp\/v2\/tags?post=13438"}],"curies":[{"name":"wp","href":"https:\/\/api.w.org\/{rel}","templated":true}]}}