{"id":13413,"date":"2025-03-19T16:14:57","date_gmt":"2025-03-19T19:14:57","guid":{"rendered":"https:\/\/laserenaradio.cl\/web\/?p=13413"},"modified":"2025-03-19T16:16:23","modified_gmt":"2025-03-19T19:16:23","slug":"gabriel-boric-vs-jorge-quiroz-el-presidente-se-burla-del-economista-por-su-pronostico-negativo-sobre-la-economia","status":"publish","type":"post","link":"https:\/\/laserenaradio.cl\/web\/2025\/03\/19\/gabriel-boric-vs-jorge-quiroz-el-presidente-se-burla-del-economista-por-su-pronostico-negativo-sobre-la-economia\/","title":{"rendered":"Gabriel Boric vs Jorge Quiroz: el Presidente se burla del economista por su pron\u00f3stico negativo sobre la econom\u00eda"},"content":{"rendered":"\n<p><b>El tema del crecimiento econ\u00f3mico ha causado diversas pol\u00e9micas entre el Gobierno y el mercado en Chile, con cr\u00edticas desde ambos lados<\/b><\/p>\n\n\n\n<!--more-->\n\n\n\n<p>.<\/p>\n\n\n\n<p>Notablemente, el Presidente Gabriel Boric se ha enfrentado a economistas que han cuestionado las proyecciones de su administraci\u00f3n.<\/p>\n\n\n\n<p>En este contexto, Boric public\u00f3 un tuit el mi\u00e9rcoles pasado, refiri\u00e9ndose a una entrevista reciente en la que el fundador de Quiroz &amp; Asociados, Jorge Quiroz, declar\u00f3: &#8220;Para alcanzar los c\u00e1lculos del PIB del Gobierno, se necesitar\u00eda un \u2018milagro econ\u00f3mico y no hay milagros en la econom\u00eda\u2019&#8221;.<\/p>\n\n\n\n<p>Boric acompa\u00f1\u00f3 su tweet con una frase misteriosa: \u201cQu\u00e9 ser\u00e1 de don Jorge Quiroz?\u201d. Sin embargo, Quiroz se mostr\u00f3 optimista sobre la reacci\u00f3n del mandatario.<\/p>\n\n\n\n<p>&#8220;El Presidente me honra al dirigirse directamente a un modesto economista como yo&#8221;, coment\u00f3 el economista, quien a\u00f1adi\u00f3 que su pron\u00f3stico hab\u00eda sido correcto: &#8220;Dije que para lograr las proyecciones del gobierno necesitamos crecer un 3% en lo que queda del a\u00f1o. Y efectivamente el crecimiento de la \u00faltima parte del a\u00f1o fue muy bueno, y eso es lo que genera el 2,6%&#8221;.<\/p>\n\n\n\n<p>A pesar de este optimismo, Quiroz aclar\u00f3 algunas cuestiones econ\u00f3micas: &#8220;No puede el Presidente hacer cherry picking. La otra cara del espejo es cu\u00e1nto menos de recaudaci\u00f3n hubo y, por lo tanto, este crecimiento, que es un crecimiento de demanda agregada, est\u00e1 financiado con mayor deuda p\u00fablica&#8221;.<\/p>\n\n\n\n<p>Adem\u00e1s, enfatiz\u00f3 que &#8220;cuando uno hace proyecciones, uno tiene que mirar la demanda agregada y cuando mira la demanda agregada, tiene que mirar dos cosas en lo que respecta al sector p\u00fablico: el gasto, pero tambi\u00e9n la recaudaci\u00f3n. Porque la recaudaci\u00f3n es cu\u00e1nta plata se le va a sacar al consumo privado&#8221;.<\/p>\n\n\n\n<p>&#8220;Y, como es sabido, la proyecci\u00f3n de recaudaci\u00f3n estuvo muy por arriba de lo que fue. La recaudaci\u00f3n fue 0,9 puntos menos de lo que se hab\u00eda anunciado. Entonces, cuando a la demanda agregada privada le quitas 0,9 puntos de PIB menos de lo que dijiste que ibas a quitar, es obvio que la econom\u00eda crece m\u00e1s porque hay m\u00e1s gasto-consumo&#8221;, explic\u00f3 Quiroz.<\/p>\n\n\n\n<p>Por otro lado, el economista se\u00f1al\u00f3 que &#8220;esta sorpresa positiva entre comillas es la otra cara del sorpres\u00f3n negativo del lado fiscal, que recaudamos mucho menos de lo que se pensaba recaudar&#8221;. Y concluy\u00f3: &#8220;En otras palabras, este crecimiento que se est\u00e1 celebrando se ha logrado a costa de una mayor demanda agregada, financiada no con recaudaci\u00f3n, sino con aumento de la deuda p\u00fablica. O sea, no hay milagros en econom\u00eda&#8221;.<\/p>\n\n\n\n<p>Frente al optimismo del mandatario por el crecimiento sobre lo esperado el a\u00f1o pasado, Quiroz observ\u00f3: &#8220;El Presidente es humano y los humanos celebran siempre todo lo que pueden, porque no nos gusta ver el vaso medio vac\u00edo. Yo como economista y como persona que hace proyecciones, normalmente veo el largo plazo, y el largo plazo en Chile siempre he dicho que se mueve en torno al 2%&#8221;.<\/p>\n\n\n\n<figure class=\"wp-block-embed is-type-rich is-provider-twitter wp-block-embed-twitter\"><div class=\"wp-block-embed__wrapper\">\n<blockquote class=\"twitter-tweet\" data-width=\"500\" data-dnt=\"true\"><p lang=\"es\" dir=\"ltr\">Qu\u00e9 ser\u00e1 de don Jorge Quiroz? <a href=\"https:\/\/t.co\/e3fg3Q3AXG\">pic.twitter.com\/e3fg3Q3AXG<\/a><\/p>&mdash; Gabriel Boric Font (@GabrielBoric) <a href=\"https:\/\/twitter.com\/GabrielBoric\/status\/1902348778012610997?ref_src=twsrc%5Etfw\">March 19, 2025<\/a><\/blockquote><script async src=\"https:\/\/platform.twitter.com\/widgets.js\" charset=\"utf-8\"><\/script>\n<\/div><\/figure>\n","protected":false},"excerpt":{"rendered":"<p>El tema del crecimiento econ\u00f3mico ha causado diversas pol\u00e9micas entre el Gobierno y el mercado en Chile, con cr\u00edticas desde ambos lados<\/p>\n","protected":false},"author":2,"featured_media":13412,"comment_status":"closed","ping_status":"open","sticky":false,"template":"","format":"standard","meta":{"_jetpack_memberships_contains_paid_content":false,"jnews-multi-image_gallery":[],"jnews_single_post":{"format":"standard"},"jnews_primary_category":[],"jnews_social_meta":[],"jnews_paywall_metabox":[],"jnews_review":[],"enable_review":"","type":"","name":"","summary":"","brand":"","sku":"","good":[],"bad":[],"score_override":"","override_value":"","rating":[],"price":[],"jnews_override_counter":[],"jnews_post_split":[],"footnotes":""},"categories":[85],"tags":[],"class_list":["post-13413","post","type-post","status-publish","format-standard","has-post-thumbnail","hentry","category-economia"],"jetpack_featured_media_url":"https:\/\/laserenaradio.cl\/web\/wp-content\/uploads\/2025\/03\/homepiaiextractoscrapimg_predeterminadalaserenaradio_nacional-27.webp","jetpack_sharing_enabled":true,"_links":{"self":[{"href":"https:\/\/laserenaradio.cl\/web\/wp-json\/wp\/v2\/posts\/13413","targetHints":{"allow":["GET"]}}],"collection":[{"href":"https:\/\/laserenaradio.cl\/web\/wp-json\/wp\/v2\/posts"}],"about":[{"href":"https:\/\/laserenaradio.cl\/web\/wp-json\/wp\/v2\/types\/post"}],"author":[{"embeddable":true,"href":"https:\/\/laserenaradio.cl\/web\/wp-json\/wp\/v2\/users\/2"}],"replies":[{"embeddable":true,"href":"https:\/\/laserenaradio.cl\/web\/wp-json\/wp\/v2\/comments?post=13413"}],"version-history":[{"count":2,"href":"https:\/\/laserenaradio.cl\/web\/wp-json\/wp\/v2\/posts\/13413\/revisions"}],"predecessor-version":[{"id":13415,"href":"https:\/\/laserenaradio.cl\/web\/wp-json\/wp\/v2\/posts\/13413\/revisions\/13415"}],"wp:featuredmedia":[{"embeddable":true,"href":"https:\/\/laserenaradio.cl\/web\/wp-json\/wp\/v2\/media\/13412"}],"wp:attachment":[{"href":"https:\/\/laserenaradio.cl\/web\/wp-json\/wp\/v2\/media?parent=13413"}],"wp:term":[{"taxonomy":"category","embeddable":true,"href":"https:\/\/laserenaradio.cl\/web\/wp-json\/wp\/v2\/categories?post=13413"},{"taxonomy":"post_tag","embeddable":true,"href":"https:\/\/laserenaradio.cl\/web\/wp-json\/wp\/v2\/tags?post=13413"}],"curies":[{"name":"wp","href":"https:\/\/api.w.org\/{rel}","templated":true}]}}