{"id":13410,"date":"2025-03-19T16:09:11","date_gmt":"2025-03-19T19:09:11","guid":{"rendered":"https:\/\/laserenaradio.cl\/web\/?p=13410"},"modified":"2025-03-19T16:09:11","modified_gmt":"2025-03-19T19:09:11","slug":"marcel-sugiere-crear-un-consejo-de-expertos-para-evaluar-propuestas-fiscales-de-candidatos","status":"publish","type":"post","link":"https:\/\/laserenaradio.cl\/web\/2025\/03\/19\/marcel-sugiere-crear-un-consejo-de-expertos-para-evaluar-propuestas-fiscales-de-candidatos\/","title":{"rendered":"Marcel sugiere crear un consejo de expertos para evaluar propuestas fiscales de candidatos"},"content":{"rendered":"<p><b>El ministro de Hacienda, Mario Marcel, propuso la creaci\u00f3n de un consejo o entidad de expertos neutrales para evaluar la factibilidad financiera y sostenibilidad de las propuestas tributarias presentadas por los candidatos presidenciales<\/b><!--more-->.<\/p>\n<p>Esto surge tras una reuni\u00f3n del gabinete pro crecimiento en La Moneda, donde Marcel fue consultado sobre la reciente propuesta de Evelyn Matthei, candidata de RN y UDI.<\/p>\n<p>Marcel sugiere que este ente neutral podr\u00eda adoptar funciones similares a las del Consejo de Finanzas P\u00fablico (CFA) al momento de tomar decisiones fiscales. Dijo: &#8220;Este a\u00f1o seguramente vamos a escuchar muchas propuestas con implicancias fiscales, y m\u00e1s all\u00e1 de las opiniones del Gobierno, ser\u00eda \u00fatil contar con una instancia que pueda brindar un an\u00e1lisis objetivo de estas propuestas&#8221;.<\/p>\n<p>El ministro explic\u00f3 que dicho ente deber\u00eda asegurar garant\u00edas de neutralidad al evaluar las propuestas fiscales de los candidatos, considerando su viabilidad y las implicancias entre ingresos y gastos.<\/p>\n<p>&#8220;Hemos tenido durante un buen tiempo mucha discusi\u00f3n sobre esta materia, y para proyectar m\u00e1s all\u00e1 del horizonte actual del Gobierno, es necesario que las propuestas de los distintos candidatos sean evaluadas con la mayor objetividad posible&#8221;, enfatiz\u00f3.<\/p>\n<p>Sobre la pr\u00f3xima reforma al impuesto a la renta que presentar\u00e1 el Ejecutivo, Marcel indic\u00f3 que ya extendi\u00f3 invitaciones a los partidos de oposici\u00f3n para preparar legislativamente este proyecto. &#8220;Las invitaciones est\u00e1n hechas para los pr\u00f3ximos d\u00edas, veremos qu\u00e9 resulta de esas conversaciones&#8221;, finaliz\u00f3.<\/p>\n<p>Esta medida busca garantizar la transparencia y objetividad en el proceso de discusi\u00f3n fiscal durante la campa\u00f1a presidencial, ofreciendo a la ciudadan\u00eda una evaluaci\u00f3n clara de las propuestas presentadas.<\/p>\n","protected":false},"excerpt":{"rendered":"<p>El ministro de Hacienda, Mario Marcel, propuso la creaci\u00f3n de un consejo o entidad de expertos neutrales para evaluar la factibilidad financiera y sostenibilidad de las propuestas tributarias presentadas por los candidatos presidenciales<\/p>\n","protected":false},"author":2,"featured_media":13409,"comment_status":"closed","ping_status":"open","sticky":false,"template":"","format":"standard","meta":{"_jetpack_memberships_contains_paid_content":false,"jnews-multi-image_gallery":[],"jnews_single_post":[],"jnews_primary_category":[],"jnews_social_meta":[],"jnews_paywall_metabox":[],"jnews_review":[],"enable_review":"","type":"","name":"","summary":"","brand":"","sku":"","good":[],"bad":[],"score_override":"","override_value":"","rating":[],"price":[],"jnews_override_counter":[],"jnews_post_split":[],"footnotes":""},"categories":[83],"tags":[],"class_list":["post-13410","post","type-post","status-publish","format-standard","has-post-thumbnail","hentry","category-politica"],"jetpack_featured_media_url":"https:\/\/laserenaradio.cl\/web\/wp-content\/uploads\/2025\/03\/homepiaiextractoscrapimg_webpMarcelpropuestas_1.webp","jetpack_sharing_enabled":true,"_links":{"self":[{"href":"https:\/\/laserenaradio.cl\/web\/wp-json\/wp\/v2\/posts\/13410","targetHints":{"allow":["GET"]}}],"collection":[{"href":"https:\/\/laserenaradio.cl\/web\/wp-json\/wp\/v2\/posts"}],"about":[{"href":"https:\/\/laserenaradio.cl\/web\/wp-json\/wp\/v2\/types\/post"}],"author":[{"embeddable":true,"href":"https:\/\/laserenaradio.cl\/web\/wp-json\/wp\/v2\/users\/2"}],"replies":[{"embeddable":true,"href":"https:\/\/laserenaradio.cl\/web\/wp-json\/wp\/v2\/comments?post=13410"}],"version-history":[{"count":1,"href":"https:\/\/laserenaradio.cl\/web\/wp-json\/wp\/v2\/posts\/13410\/revisions"}],"predecessor-version":[{"id":13411,"href":"https:\/\/laserenaradio.cl\/web\/wp-json\/wp\/v2\/posts\/13410\/revisions\/13411"}],"wp:featuredmedia":[{"embeddable":true,"href":"https:\/\/laserenaradio.cl\/web\/wp-json\/wp\/v2\/media\/13409"}],"wp:attachment":[{"href":"https:\/\/laserenaradio.cl\/web\/wp-json\/wp\/v2\/media?parent=13410"}],"wp:term":[{"taxonomy":"category","embeddable":true,"href":"https:\/\/laserenaradio.cl\/web\/wp-json\/wp\/v2\/categories?post=13410"},{"taxonomy":"post_tag","embeddable":true,"href":"https:\/\/laserenaradio.cl\/web\/wp-json\/wp\/v2\/tags?post=13410"}],"curies":[{"name":"wp","href":"https:\/\/api.w.org\/{rel}","templated":true}]}}