{"id":13407,"date":"2025-03-19T13:01:44","date_gmt":"2025-03-19T16:01:44","guid":{"rendered":"https:\/\/laserenaradio.cl\/web\/?p=13407"},"modified":"2025-03-19T13:01:44","modified_gmt":"2025-03-19T16:01:44","slug":"la-ministra-etcheverry-defendio-al-ministro-valenzuela-sobre-la-frase-cuestionada-por-la-seguridad-rural","status":"publish","type":"post","link":"https:\/\/laserenaradio.cl\/web\/2025\/03\/19\/la-ministra-etcheverry-defendio-al-ministro-valenzuela-sobre-la-frase-cuestionada-por-la-seguridad-rural\/","title":{"rendered":"La Ministra Etcheverry defendi\u00f3 al ministro Valenzuela sobre la frase cuestionada por la seguridad rural"},"content":{"rendered":"<p><b>La ministra vocera de Gobierno, Ais\u00e9n Etcheverry, se pronunci\u00f3 sobre la controvertida afirmaci\u00f3n del ministro de Agricultura, Esteban Valenzuela, en torno a la seguridad rural<\/b><!--more-->.<\/p>\n<p>En respuesta a los cr\u00edticos que han cuestionado el comentario hecho tras el asesinato de un matrimonio en Graneros, Etcheverry reconoci\u00f3: &#8220;Efectivamente, no fue la mejor frase&#8221;.<\/p>\n<p>Sin embargo, aclar\u00f3 que el Gobierno ha demostrado ser proactivo en materia de seguridad rural, destacando las acciones tomadas para identificar responsabilidades y mejorar infraestructuras.<\/p>\n<p>&#8220;Estamos conscientes del alto nivel de preocupaci\u00f3n por este tema entre los chilenos&#8221;, subray\u00f3 Etcheverry.<\/p>\n<p>Aunque reconoci\u00f3 que la frase de Valenzuela no fue apropiada, enfatiz\u00f3: &#8220;No fue la mejor frase, pero en el Ejecutivo estamos coordinados y trabajamos constantemente en esta materia&#8221;. Adem\u00e1s, Etcheverry asegur\u00f3 que las discusiones internas dentro del gobierno est\u00e1n orientadas hacia acciones constructivas.<\/p>\n<p>&#8220;Lo importante es c\u00f3mo avanzamos en soluciones que puedan enfrentar los desaf\u00edos de la seguridad rural&#8221;, concluy\u00f3.<\/p>\n","protected":false},"excerpt":{"rendered":"<p>La ministra vocera de Gobierno, Ais\u00e9n Etcheverry, se pronunci\u00f3 sobre la controvertida afirmaci\u00f3n del ministro de Agricultura, Esteban Valenzuela, en torno a la seguridad rural<\/p>\n","protected":false},"author":2,"featured_media":13406,"comment_status":"closed","ping_status":"open","sticky":false,"template":"","format":"standard","meta":{"_jetpack_memberships_contains_paid_content":false,"jnews-multi-image_gallery":[],"jnews_single_post":[],"jnews_primary_category":[],"jnews_social_meta":[],"jnews_paywall_metabox":[],"jnews_review":[],"enable_review":"","type":"","name":"","summary":"","brand":"","sku":"","good":[],"bad":[],"score_override":"","override_value":"","rating":[],"price":[],"jnews_override_counter":[],"jnews_post_split":[],"footnotes":""},"categories":[83],"tags":[],"class_list":["post-13407","post","type-post","status-publish","format-standard","has-post-thumbnail","hentry","category-politica"],"jetpack_featured_media_url":"https:\/\/laserenaradio.cl\/web\/wp-content\/uploads\/2025\/03\/homepiaiextractoscrapimg_webpMinistraEtcheverry_0.webp","jetpack_sharing_enabled":true,"_links":{"self":[{"href":"https:\/\/laserenaradio.cl\/web\/wp-json\/wp\/v2\/posts\/13407","targetHints":{"allow":["GET"]}}],"collection":[{"href":"https:\/\/laserenaradio.cl\/web\/wp-json\/wp\/v2\/posts"}],"about":[{"href":"https:\/\/laserenaradio.cl\/web\/wp-json\/wp\/v2\/types\/post"}],"author":[{"embeddable":true,"href":"https:\/\/laserenaradio.cl\/web\/wp-json\/wp\/v2\/users\/2"}],"replies":[{"embeddable":true,"href":"https:\/\/laserenaradio.cl\/web\/wp-json\/wp\/v2\/comments?post=13407"}],"version-history":[{"count":1,"href":"https:\/\/laserenaradio.cl\/web\/wp-json\/wp\/v2\/posts\/13407\/revisions"}],"predecessor-version":[{"id":13408,"href":"https:\/\/laserenaradio.cl\/web\/wp-json\/wp\/v2\/posts\/13407\/revisions\/13408"}],"wp:featuredmedia":[{"embeddable":true,"href":"https:\/\/laserenaradio.cl\/web\/wp-json\/wp\/v2\/media\/13406"}],"wp:attachment":[{"href":"https:\/\/laserenaradio.cl\/web\/wp-json\/wp\/v2\/media?parent=13407"}],"wp:term":[{"taxonomy":"category","embeddable":true,"href":"https:\/\/laserenaradio.cl\/web\/wp-json\/wp\/v2\/categories?post=13407"},{"taxonomy":"post_tag","embeddable":true,"href":"https:\/\/laserenaradio.cl\/web\/wp-json\/wp\/v2\/tags?post=13407"}],"curies":[{"name":"wp","href":"https:\/\/api.w.org\/{rel}","templated":true}]}}