{"id":13402,"date":"2025-03-19T12:45:11","date_gmt":"2025-03-19T15:45:11","guid":{"rendered":"https:\/\/laserenaradio.cl\/web\/?p=13402"},"modified":"2025-03-19T12:46:23","modified_gmt":"2025-03-19T15:46:23","slug":"el-ministro-de-agricultura-esteban-valenzuela-pide-disculpas-por-su-polemica-frase","status":"publish","type":"post","link":"https:\/\/laserenaradio.cl\/web\/2025\/03\/19\/el-ministro-de-agricultura-esteban-valenzuela-pide-disculpas-por-su-polemica-frase\/","title":{"rendered":"El ministro de Agricultura, Esteban Valenzuela, pide disculpas por su pol\u00e9mica frase"},"content":{"rendered":"\n<p><b>El ministro de Agricultura Esteban Valenzuela ha aclarado su pol\u00e9mica declaraci\u00f3n sobre la inversi\u00f3n en seguridad para municipios rurales, en conversaciones con Desde La Redacci\u00f3n de La Tercera y Radio Universo<\/b><\/p>\n\n\n\n<!--more-->\n\n\n\n<p>.<\/p>\n\n\n\n<p>En referencia al asesinato del matrimonio en Graneros, el secretario de Estado se\u00f1al\u00f3 que sus palabras buscaban destacar la necesidad de un esfuerzo colectivo frente a situaciones de crisis.<\/p>\n\n\n\n<p>Valenzuela explic\u00f3 que &#8220;tenemos que hacer un esfuerzo todos&#8221; durante momentos de dificultad, subrayando que \u201cel presupuesto de seguridad ha crecido este a\u00f1o\u201d. Sin embargo, admiti\u00f3 que la expresi\u00f3n empleada no fue la m\u00e1s adecuada y pidi\u00f3 disculpas.<\/p>\n\n\n\n<p>Durante las conversaciones, el ministro destac\u00f3 los avances en seguridad en regiones como La Araucan\u00eda, donde ha disminuido la violencia. Insisti\u00f3 en que \u201ctodos tenemos que colaborar\u201d, incluyendo a los gobiernos regionales y municipios.<\/p>\n\n\n\n<p>Valenzuela tambi\u00e9n abord\u00f3 brechas existentes, como recursos insuficientes y falta de di\u00e1logo entre autoridades y comunidades rurales.<\/p>\n\n\n\n<p>Finalmente, el ministro subray\u00f3 la importancia del trabajo en las mesas de seguridad rural para combatir el crimen organizado. Indic\u00f3 que \u201chay zonas en el sector Oriente de San Fernando donde los agricultores est\u00e1n bien vigilados, mientras que en otras \u00e1reas persisten brechas significativas\u201d.<\/p>\n\n\n\n<p>Valenzuela concluy\u00f3: &#8220;Creo que es una frase desafortunada. S\u00ed, en eso pido disculpa&#8221;.<\/p>\n\n\n\n<figure class=\"wp-block-embed is-type-rich is-provider-twitter wp-block-embed-twitter\"><div class=\"wp-block-embed__wrapper\">\n<blockquote class=\"twitter-tweet\" data-width=\"500\" data-dnt=\"true\"><p lang=\"es\" dir=\"ltr\">Cuando le preguntaron al Ministro Esteban Valenzuela sobre la seguridad de los agricultores a prop\u00f3sito del crimen en Graneros, esta fue su respuesta:<br><br>&quot;DEJENSE DE LLORAR&quot;<br><br>Fin, este es TU GOBIERNO, por esto votaron ustedes <a href=\"https:\/\/t.co\/VtcF4NZIaX\">pic.twitter.com\/VtcF4NZIaX<\/a><\/p>&mdash; Machine Head (@FromTheOrder) <a href=\"https:\/\/twitter.com\/FromTheOrder\/status\/1901745040965144661?ref_src=twsrc%5Etfw\">March 17, 2025<\/a><\/blockquote><script async src=\"https:\/\/platform.twitter.com\/widgets.js\" charset=\"utf-8\"><\/script>\n<\/div><\/figure>\n","protected":false},"excerpt":{"rendered":"<p>El ministro de Agricultura Esteban Valenzuela ha aclarado su pol\u00e9mica declaraci\u00f3n sobre la inversi\u00f3n en seguridad para municipios rurales, en conversaciones con Desde La Redacci\u00f3n de La Tercera y Radio Universo<\/p>\n","protected":false},"author":2,"featured_media":13401,"comment_status":"closed","ping_status":"open","sticky":false,"template":"","format":"standard","meta":{"_jetpack_memberships_contains_paid_content":false,"jnews-multi-image_gallery":[],"jnews_single_post":{"format":"standard"},"jnews_primary_category":[],"jnews_social_meta":[],"jnews_paywall_metabox":[],"jnews_review":[],"enable_review":"","type":"","name":"","summary":"","brand":"","sku":"","good":[],"bad":[],"score_override":"","override_value":"","rating":[],"price":[],"jnews_override_counter":[],"jnews_post_split":[],"footnotes":""},"categories":[83],"tags":[],"class_list":["post-13402","post","type-post","status-publish","format-standard","has-post-thumbnail","hentry","category-politica"],"jetpack_featured_media_url":"https:\/\/laserenaradio.cl\/web\/wp-content\/uploads\/2025\/03\/homepiaiextractoscrapimg_predeterminadalaserenaradio_politica-10.webp","jetpack_sharing_enabled":true,"_links":{"self":[{"href":"https:\/\/laserenaradio.cl\/web\/wp-json\/wp\/v2\/posts\/13402","targetHints":{"allow":["GET"]}}],"collection":[{"href":"https:\/\/laserenaradio.cl\/web\/wp-json\/wp\/v2\/posts"}],"about":[{"href":"https:\/\/laserenaradio.cl\/web\/wp-json\/wp\/v2\/types\/post"}],"author":[{"embeddable":true,"href":"https:\/\/laserenaradio.cl\/web\/wp-json\/wp\/v2\/users\/2"}],"replies":[{"embeddable":true,"href":"https:\/\/laserenaradio.cl\/web\/wp-json\/wp\/v2\/comments?post=13402"}],"version-history":[{"count":2,"href":"https:\/\/laserenaradio.cl\/web\/wp-json\/wp\/v2\/posts\/13402\/revisions"}],"predecessor-version":[{"id":13405,"href":"https:\/\/laserenaradio.cl\/web\/wp-json\/wp\/v2\/posts\/13402\/revisions\/13405"}],"wp:featuredmedia":[{"embeddable":true,"href":"https:\/\/laserenaradio.cl\/web\/wp-json\/wp\/v2\/media\/13401"}],"wp:attachment":[{"href":"https:\/\/laserenaradio.cl\/web\/wp-json\/wp\/v2\/media?parent=13402"}],"wp:term":[{"taxonomy":"category","embeddable":true,"href":"https:\/\/laserenaradio.cl\/web\/wp-json\/wp\/v2\/categories?post=13402"},{"taxonomy":"post_tag","embeddable":true,"href":"https:\/\/laserenaradio.cl\/web\/wp-json\/wp\/v2\/tags?post=13402"}],"curies":[{"name":"wp","href":"https:\/\/api.w.org\/{rel}","templated":true}]}}