{"id":13399,"date":"2025-03-19T12:23:03","date_gmt":"2025-03-19T15:23:03","guid":{"rendered":"https:\/\/laserenaradio.cl\/web\/?p=13399"},"modified":"2025-03-19T12:23:03","modified_gmt":"2025-03-19T15:23:03","slug":"alexis-sanchez-no-viajara-a-paraguay-para-las-eliminatorias","status":"publish","type":"post","link":"https:\/\/laserenaradio.cl\/web\/2025\/03\/19\/alexis-sanchez-no-viajara-a-paraguay-para-las-eliminatorias\/","title":{"rendered":"Alexis S\u00e1nchez no viajar\u00e1 a Paraguay para las Eliminatorias"},"content":{"rendered":"<p><b>El delantero chileno Alexis S\u00e1nchez, quien integra los registros del Udinese, no participar\u00e1 en el encuentro contra Paraguay por las Eliminatorias al Mundial 2026<\/b><!--more-->.<\/p>\n<p>Seg\u00fan el periodista Christopher Brandt, de ESPN, la ausencia se debe a una fatiga muscular.<\/p>\n<p>Vale recordar que el choque entre Paraguay y Chile tendr\u00e1 lugar este jueves 20 de marzo, a partir de las 20:00 horas en nuestro pa\u00eds.<\/p>\n<p>Este percance deja un espacio importante en el ataque de La Roja para el pr\u00f3ximo partido.<\/p>\n","protected":false},"excerpt":{"rendered":"<p>El delantero chileno Alexis S\u00e1nchez, quien integra los registros del Udinese, no participar\u00e1 en el encuentro contra Paraguay por las Eliminatorias al Mundial 2026<\/p>\n","protected":false},"author":2,"featured_media":13398,"comment_status":"closed","ping_status":"open","sticky":false,"template":"","format":"standard","meta":{"_jetpack_memberships_contains_paid_content":false,"jnews-multi-image_gallery":[],"jnews_single_post":[],"jnews_primary_category":[],"jnews_social_meta":[],"jnews_paywall_metabox":[],"jnews_review":[],"enable_review":"","type":"","name":"","summary":"","brand":"","sku":"","good":[],"bad":[],"score_override":"","override_value":"","rating":[],"price":[],"jnews_override_counter":[],"jnews_post_split":[],"footnotes":""},"categories":[84],"tags":[],"class_list":["post-13399","post","type-post","status-publish","format-standard","has-post-thumbnail","hentry","category-deportes"],"jetpack_featured_media_url":"https:\/\/laserenaradio.cl\/web\/wp-content\/uploads\/2025\/03\/homepiaiextractoscrapimg_webpParaguayAlexisEliminatoriasdelantero_1.webp","jetpack_sharing_enabled":true,"_links":{"self":[{"href":"https:\/\/laserenaradio.cl\/web\/wp-json\/wp\/v2\/posts\/13399","targetHints":{"allow":["GET"]}}],"collection":[{"href":"https:\/\/laserenaradio.cl\/web\/wp-json\/wp\/v2\/posts"}],"about":[{"href":"https:\/\/laserenaradio.cl\/web\/wp-json\/wp\/v2\/types\/post"}],"author":[{"embeddable":true,"href":"https:\/\/laserenaradio.cl\/web\/wp-json\/wp\/v2\/users\/2"}],"replies":[{"embeddable":true,"href":"https:\/\/laserenaradio.cl\/web\/wp-json\/wp\/v2\/comments?post=13399"}],"version-history":[{"count":1,"href":"https:\/\/laserenaradio.cl\/web\/wp-json\/wp\/v2\/posts\/13399\/revisions"}],"predecessor-version":[{"id":13400,"href":"https:\/\/laserenaradio.cl\/web\/wp-json\/wp\/v2\/posts\/13399\/revisions\/13400"}],"wp:featuredmedia":[{"embeddable":true,"href":"https:\/\/laserenaradio.cl\/web\/wp-json\/wp\/v2\/media\/13398"}],"wp:attachment":[{"href":"https:\/\/laserenaradio.cl\/web\/wp-json\/wp\/v2\/media?parent=13399"}],"wp:term":[{"taxonomy":"category","embeddable":true,"href":"https:\/\/laserenaradio.cl\/web\/wp-json\/wp\/v2\/categories?post=13399"},{"taxonomy":"post_tag","embeddable":true,"href":"https:\/\/laserenaradio.cl\/web\/wp-json\/wp\/v2\/tags?post=13399"}],"curies":[{"name":"wp","href":"https:\/\/api.w.org\/{rel}","templated":true}]}}