{"id":13396,"date":"2025-03-19T12:21:15","date_gmt":"2025-03-19T15:21:15","guid":{"rendered":"https:\/\/laserenaradio.cl\/web\/?p=13396"},"modified":"2025-03-19T12:21:15","modified_gmt":"2025-03-19T15:21:15","slug":"la-ruta-hacia-el-crecimiento-economico-desafios-y-propuestas-para-chile","status":"publish","type":"post","link":"https:\/\/laserenaradio.cl\/web\/2025\/03\/19\/la-ruta-hacia-el-crecimiento-economico-desafios-y-propuestas-para-chile\/","title":{"rendered":"La ruta hacia el crecimiento econ\u00f3mico: desaf\u00edos y propuestas para Chile"},"content":{"rendered":"<p><b>El ministro de Hacienda, Mario Marcel, enfatiza que ni el voluntarismo ni la motosierra son soluciones viables para las tensiones fiscales actuales<\/b><!--more-->.<\/p>\n<p>Este debate se refleja en las Cuentas Nacionales del tercer trimestre de 2024 publicadas por el Banco Central, que confirman un PIB del 2,6% en Chile.<\/p>\n<p>Mientras tanto, Evelyn Matthei, candidata presidencial de Chile Vamos, presenta su programa econ\u00f3mico para el futuro. Entre sus propuestas destacan la invariabilidad tributaria, rebajar el impuesto de primera categor\u00eda a un 18% en un horizonte de 10 a\u00f1os y reducir gastos fiscales.<\/p>\n<p>El ministro Marcel se\u00f1ala que el manejo fiscal del actual gobierno no ha sido err\u00e1tico. En contraste, Chile Vamos cuestiona que se hayan producido errores sistem\u00e1ticos en los c\u00e1lculos y metas fiscales y que la deuda p\u00fablica haya aumentado dr\u00e1sticamente.<\/p>\n<p>Adem\u00e1s, Susana Jim\u00e9nez, presidenta de la CPC, coincide con Marcel al argumentar que el 18% de tasa corporativa permitir\u00eda entrar en el grupo de los 5 pa\u00edses m\u00e1s competitivos de la OCDE, aunque advierte sobre el impacto potencial en la recaudaci\u00f3n fiscal. Por otro lado, Juan Pizarro destaca la necesidad de considerar las implicaciones de esta medida.<\/p>\n<p>Finalmente, Carlos Smith, docente investigador del Centro de Investigaci\u00f3n de Empresa y Sociedad de la Universidad del Desarrollo, analiza el panorama mundial afectado por la guerra comercial entre China y Estados Unidos. Este contexto global requiere estrategias econ\u00f3micas equilibradas para enfrentar los desaf\u00edos futuros.<\/p>\n<p>Estas discusiones reflejan una lucha constante por encontrar soluciones equilibradas en un entorno econ\u00f3mico complejo, donde las pol\u00edticas fiscales juegan un papel crucial.<\/p>\n","protected":false},"excerpt":{"rendered":"<p>El ministro de Hacienda, Mario Marcel, enfatiza que ni el voluntarismo ni la motosierra son soluciones viables para las tensiones fiscales actuales<\/p>\n","protected":false},"author":2,"featured_media":13395,"comment_status":"closed","ping_status":"open","sticky":false,"template":"","format":"standard","meta":{"_jetpack_memberships_contains_paid_content":false,"jnews-multi-image_gallery":[],"jnews_single_post":[],"jnews_primary_category":[],"jnews_social_meta":[],"jnews_paywall_metabox":[],"jnews_review":[],"enable_review":"","type":"","name":"","summary":"","brand":"","sku":"","good":[],"bad":[],"score_override":"","override_value":"","rating":[],"price":[],"jnews_override_counter":[],"jnews_post_split":[],"footnotes":""},"categories":[85],"tags":[],"class_list":["post-13396","post","type-post","status-publish","format-standard","has-post-thumbnail","hentry","category-economia"],"jetpack_featured_media_url":"https:\/\/laserenaradio.cl\/web\/wp-content\/uploads\/2025\/03\/homepiaiextractoscrapimg_webpChilefiscales_0.webp","jetpack_sharing_enabled":true,"_links":{"self":[{"href":"https:\/\/laserenaradio.cl\/web\/wp-json\/wp\/v2\/posts\/13396","targetHints":{"allow":["GET"]}}],"collection":[{"href":"https:\/\/laserenaradio.cl\/web\/wp-json\/wp\/v2\/posts"}],"about":[{"href":"https:\/\/laserenaradio.cl\/web\/wp-json\/wp\/v2\/types\/post"}],"author":[{"embeddable":true,"href":"https:\/\/laserenaradio.cl\/web\/wp-json\/wp\/v2\/users\/2"}],"replies":[{"embeddable":true,"href":"https:\/\/laserenaradio.cl\/web\/wp-json\/wp\/v2\/comments?post=13396"}],"version-history":[{"count":1,"href":"https:\/\/laserenaradio.cl\/web\/wp-json\/wp\/v2\/posts\/13396\/revisions"}],"predecessor-version":[{"id":13397,"href":"https:\/\/laserenaradio.cl\/web\/wp-json\/wp\/v2\/posts\/13396\/revisions\/13397"}],"wp:featuredmedia":[{"embeddable":true,"href":"https:\/\/laserenaradio.cl\/web\/wp-json\/wp\/v2\/media\/13395"}],"wp:attachment":[{"href":"https:\/\/laserenaradio.cl\/web\/wp-json\/wp\/v2\/media?parent=13396"}],"wp:term":[{"taxonomy":"category","embeddable":true,"href":"https:\/\/laserenaradio.cl\/web\/wp-json\/wp\/v2\/categories?post=13396"},{"taxonomy":"post_tag","embeddable":true,"href":"https:\/\/laserenaradio.cl\/web\/wp-json\/wp\/v2\/tags?post=13396"}],"curies":[{"name":"wp","href":"https:\/\/api.w.org\/{rel}","templated":true}]}}