{"id":13393,"date":"2025-03-19T10:51:20","date_gmt":"2025-03-19T13:51:20","guid":{"rendered":"https:\/\/laserenaradio.cl\/web\/?p=13393"},"modified":"2025-03-19T10:51:20","modified_gmt":"2025-03-19T13:51:20","slug":"la-mujer-que-intento-huir-de-una-fiscalizacion-vehicular-en-san-bernardo-acabo-herida-a-bala-despues-atropellar-a-un-carabinero","status":"publish","type":"post","link":"https:\/\/laserenaradio.cl\/web\/2025\/03\/19\/la-mujer-que-intento-huir-de-una-fiscalizacion-vehicular-en-san-bernardo-acabo-herida-a-bala-despues-atropellar-a-un-carabinero\/","title":{"rendered":"La mujer que intent\u00f3 huir de una fiscalizaci\u00f3n vehicular en San Bernardo acab\u00f3 herida a bala despu\u00e9s atropellar a un carabinero."},"content":{"rendered":"<p><b>En la regi\u00f3n Metropolitana, un incidente violento ocurri\u00f3 esta ma\u00f1ana en San Bernardo, donde una mujer fue arrestada y result\u00f3 herida tras atropellar a un carabinero durante una fiscalizaci\u00f3n vehicular<\/b><!--more-->.<\/p>\n<p>El episodio se desarroll\u00f3 en Jorge Alessandri con El Rodeo, donde <a href=\"https:\/\/www.carabineros.cl\/\">Carabineros<\/a> detectaron que el veh\u00edculo de la conductora presentaba una patente adulterada. Frente a esta situaci\u00f3n, la mujer aceler\u00f3 para huir, lo que llev\u00f3 a una persecuci\u00f3n.<\/p>\n<p>Tras chocar contra un \u00e1rbol y negarse a abandonar su autom\u00f3vil, intent\u00f3 escapar embistiendo al carabinero, hiri\u00e9ndolo en una pierna. En respuesta, el funcionario us\u00f3 su arma de fuego para contener la situaci\u00f3n e hiri\u00f3 a la mujer.<\/p>\n<p>La conductora fue detenida por un delito de homicidio frustrado contra un miembro policial y posteriormente trasladada al Servicio de Atenci\u00f3n R\u00e1pida (SAR) Carlos Urz\u00faa, donde se le brind\u00f3 atenci\u00f3n m\u00e9dica debido a sus lesiones.<\/p>\n<p>Este no es el primer caso; la imputada cuenta con un antecedente penal de siete detenciones previas por microtr\u00e1fico, amenazas, hurto y lesiones.<\/p>\n","protected":false},"excerpt":{"rendered":"<p>En la regi\u00f3n Metropolitana, un incidente violento ocurri\u00f3 esta ma\u00f1ana en San Bernardo, donde una mujer fue arrestada y result\u00f3 herida tras atropellar a un carabinero durante una fiscalizaci\u00f3n vehicular<\/p>\n","protected":false},"author":2,"featured_media":13392,"comment_status":"closed","ping_status":"open","sticky":false,"template":"","format":"standard","meta":{"_jetpack_memberships_contains_paid_content":false,"jnews-multi-image_gallery":[],"jnews_single_post":[],"jnews_primary_category":[],"jnews_social_meta":[],"jnews_paywall_metabox":[],"jnews_review":[],"enable_review":"","type":"","name":"","summary":"","brand":"","sku":"","good":[],"bad":[],"score_override":"","override_value":"","rating":[],"price":[],"jnews_override_counter":[],"jnews_post_split":[],"footnotes":""},"categories":[21],"tags":[],"class_list":["post-13393","post","type-post","status-publish","format-standard","has-post-thumbnail","hentry","category-nacional"],"jetpack_featured_media_url":"https:\/\/laserenaradio.cl\/web\/wp-content\/uploads\/2025\/03\/homepiaiextractoscrapimg_webpmujercarabineroSanBernardovehicular_0.webp","jetpack_sharing_enabled":true,"_links":{"self":[{"href":"https:\/\/laserenaradio.cl\/web\/wp-json\/wp\/v2\/posts\/13393","targetHints":{"allow":["GET"]}}],"collection":[{"href":"https:\/\/laserenaradio.cl\/web\/wp-json\/wp\/v2\/posts"}],"about":[{"href":"https:\/\/laserenaradio.cl\/web\/wp-json\/wp\/v2\/types\/post"}],"author":[{"embeddable":true,"href":"https:\/\/laserenaradio.cl\/web\/wp-json\/wp\/v2\/users\/2"}],"replies":[{"embeddable":true,"href":"https:\/\/laserenaradio.cl\/web\/wp-json\/wp\/v2\/comments?post=13393"}],"version-history":[{"count":1,"href":"https:\/\/laserenaradio.cl\/web\/wp-json\/wp\/v2\/posts\/13393\/revisions"}],"predecessor-version":[{"id":13394,"href":"https:\/\/laserenaradio.cl\/web\/wp-json\/wp\/v2\/posts\/13393\/revisions\/13394"}],"wp:featuredmedia":[{"embeddable":true,"href":"https:\/\/laserenaradio.cl\/web\/wp-json\/wp\/v2\/media\/13392"}],"wp:attachment":[{"href":"https:\/\/laserenaradio.cl\/web\/wp-json\/wp\/v2\/media?parent=13393"}],"wp:term":[{"taxonomy":"category","embeddable":true,"href":"https:\/\/laserenaradio.cl\/web\/wp-json\/wp\/v2\/categories?post=13393"},{"taxonomy":"post_tag","embeddable":true,"href":"https:\/\/laserenaradio.cl\/web\/wp-json\/wp\/v2\/tags?post=13393"}],"curies":[{"name":"wp","href":"https:\/\/api.w.org\/{rel}","templated":true}]}}