{"id":13390,"date":"2025-03-19T10:32:05","date_gmt":"2025-03-19T13:32:05","guid":{"rendered":"https:\/\/laserenaradio.cl\/web\/?p=13390"},"modified":"2025-03-19T10:32:05","modified_gmt":"2025-03-19T13:32:05","slug":"descubren-cadaver-calcinado-en-la-pintana","status":"publish","type":"post","link":"https:\/\/laserenaradio.cl\/web\/2025\/03\/19\/descubren-cadaver-calcinado-en-la-pintana\/","title":{"rendered":"Descubren cad\u00e1ver calcinado en La Pintana"},"content":{"rendered":"<p><b>Este mi\u00e9rcoles, autoridades policiales informaron sobre un nuevo homicidio en la comuna de La Pintana, regi\u00f3n Metropolitana<\/b><!--more-->.<\/p>\n<p>El cuerpo calcinado fue encontrado en un lugar eriazo ubicado en la intersecci\u00f3n de Lo Mart\u00ednez y Padre Hurtado.<\/p>\n<p>Transe\u00fantes dieron aviso a <a href=\"https:\/\/www.carabineros.cl\/\">Carabineros<\/a>, quienes confirmaron el fallecimiento del individuo, cuyas extremidades presentan signos de restricci\u00f3n.<\/p>\n<p>Las autoridades est\u00e1n revisando c\u00e1maras de seguridad para determinar los detalles del crimen. Aunque la identidad de la v\u00edctima a\u00fan no se ha revelado, se confirma que se trata de un hombre.<\/p>\n<p>Este caso suma a una lista creciente de eventos violentos en la zona, lo que lleva a las autoridades a reforzar su vigilancia y colaboraci\u00f3n con los residentes para garantizar la seguridad local.<\/p>\n","protected":false},"excerpt":{"rendered":"<p>Este mi\u00e9rcoles, autoridades policiales informaron sobre un nuevo homicidio en la comuna de La Pintana, regi\u00f3n Metropolitana<\/p>\n","protected":false},"author":2,"featured_media":13389,"comment_status":"closed","ping_status":"open","sticky":false,"template":"","format":"standard","meta":{"_jetpack_memberships_contains_paid_content":false,"jnews-multi-image_gallery":[],"jnews_single_post":[],"jnews_primary_category":[],"jnews_social_meta":[],"jnews_paywall_metabox":[],"jnews_review":[],"enable_review":"","type":"","name":"","summary":"","brand":"","sku":"","good":[],"bad":[],"score_override":"","override_value":"","rating":[],"price":[],"jnews_override_counter":[],"jnews_post_split":[],"footnotes":""},"categories":[21],"tags":[],"class_list":["post-13390","post","type-post","status-publish","format-standard","has-post-thumbnail","hentry","category-nacional"],"jetpack_featured_media_url":"https:\/\/laserenaradio.cl\/web\/wp-content\/uploads\/2025\/03\/homepiaiextractoscrapimg_webpautoridadescalcinadoseguridadpoliciales_0.webp","jetpack_sharing_enabled":true,"_links":{"self":[{"href":"https:\/\/laserenaradio.cl\/web\/wp-json\/wp\/v2\/posts\/13390","targetHints":{"allow":["GET"]}}],"collection":[{"href":"https:\/\/laserenaradio.cl\/web\/wp-json\/wp\/v2\/posts"}],"about":[{"href":"https:\/\/laserenaradio.cl\/web\/wp-json\/wp\/v2\/types\/post"}],"author":[{"embeddable":true,"href":"https:\/\/laserenaradio.cl\/web\/wp-json\/wp\/v2\/users\/2"}],"replies":[{"embeddable":true,"href":"https:\/\/laserenaradio.cl\/web\/wp-json\/wp\/v2\/comments?post=13390"}],"version-history":[{"count":1,"href":"https:\/\/laserenaradio.cl\/web\/wp-json\/wp\/v2\/posts\/13390\/revisions"}],"predecessor-version":[{"id":13391,"href":"https:\/\/laserenaradio.cl\/web\/wp-json\/wp\/v2\/posts\/13390\/revisions\/13391"}],"wp:featuredmedia":[{"embeddable":true,"href":"https:\/\/laserenaradio.cl\/web\/wp-json\/wp\/v2\/media\/13389"}],"wp:attachment":[{"href":"https:\/\/laserenaradio.cl\/web\/wp-json\/wp\/v2\/media?parent=13390"}],"wp:term":[{"taxonomy":"category","embeddable":true,"href":"https:\/\/laserenaradio.cl\/web\/wp-json\/wp\/v2\/categories?post=13390"},{"taxonomy":"post_tag","embeddable":true,"href":"https:\/\/laserenaradio.cl\/web\/wp-json\/wp\/v2\/tags?post=13390"}],"curies":[{"name":"wp","href":"https:\/\/api.w.org\/{rel}","templated":true}]}}