{"id":13387,"date":"2025-03-19T10:30:29","date_gmt":"2025-03-19T13:30:29","guid":{"rendered":"https:\/\/laserenaradio.cl\/web\/?p=13387"},"modified":"2025-03-19T10:30:29","modified_gmt":"2025-03-19T13:30:29","slug":"la-camara-aprueba-solicitud-para-que-el-gobierno-entregue-las-cifras-actualizadas-de-homicidios-en-chile","status":"publish","type":"post","link":"https:\/\/laserenaradio.cl\/web\/2025\/03\/19\/la-camara-aprueba-solicitud-para-que-el-gobierno-entregue-las-cifras-actualizadas-de-homicidios-en-chile\/","title":{"rendered":"La C\u00e1mara aprueba solicitud para que el gobierno entregue las cifras actualizadas de homicidios en Chile"},"content":{"rendered":"<p><b>En esta sesi\u00f3n del Congreso, la C\u00e1mara Baja respald\u00f3 una iniciativa que busca actualizar las estad\u00edsticas oficiales de homicidios correspondientes al a\u00f1o 2024<\/b><!--more-->.<\/p>\n<p>Con un voto en contra y dos abstenciones, la solicitud fue aprobada con 71 votos a favor.<\/p>\n<p>El diputado Agust\u00edn Romero, quien lider\u00f3 esta medida, cuestion\u00f3 la falta de transparencia del Gobierno frente a los datos de seguridad ciudadana. &#8220;\u00bfC\u00f3mo se pretende combatir la delincuencia si el Ejecutivo no actualiza las cifras de homicidios?&#8221;, pregunt\u00f3 Romero, en alusi\u00f3n al retraso en la publicaci\u00f3n de los datos oficiales. Este pedido surge tras meses de demora en la publicaci\u00f3n de estad\u00edsticas que solo reflejan situaciones hasta junio del a\u00f1o 2024.<\/p>\n<p>La solicitud incluye el desglose de datos por regi\u00f3n y comuna desde enero de 2022, abarcando violencia general, robos con violencia, violaciones y lesiones graves.<\/p>\n<p>Romero tambi\u00e9n exigi\u00f3 un an\u00e1lisis comparativo con cifras de a\u00f1os anteriores, diferenciando entre autores conocidos e desconocidos, incluyendo estad\u00edsticas sobre homicidios relacionados con crimen organizado, bandas delictuales y mafias extranjeras. Se solicita informaci\u00f3n detallada sobre incautaciones de drogas (tipo, cantidad en kilos) y armas decomisadas (armas de fuego y blancas).<\/p>\n<p>El legislador a\u00f1adi\u00f3 un apartado sobre detenciones, incluyendo la cantidad de arrestos por delitos violentos y narcotr\u00e1fico, el porcentaje de imputados formalizados y el estado procesal de los casos.<\/p>\n<p>Finalmente, Romero pidi\u00f3 datos sobre personas con medidas cautelares o condenas, y si cumplen penas efectivas o beneficios.<\/p>\n<p>Este pedido surge en un contexto donde la inseguridad ciudadana se ha vuelto un tema central, como lo refleja el reciente ataque a Francisco Rodr\u00edguez, concejal de Maip\u00fa, que Romero describi\u00f3 como &#8220;una verg\u00fcenza&#8221; y un patr\u00f3n de inseguridad que no es &#8220;un hecho aislado&#8221;.<\/p>\n","protected":false},"excerpt":{"rendered":"<p>En esta sesi\u00f3n del Congreso, la C\u00e1mara Baja respald\u00f3 una iniciativa que busca actualizar las estad\u00edsticas oficiales de homicidios correspondientes al a\u00f1o 2024<\/p>\n","protected":false},"author":2,"featured_media":13386,"comment_status":"closed","ping_status":"open","sticky":false,"template":"","format":"standard","meta":{"_jetpack_memberships_contains_paid_content":false,"jnews-multi-image_gallery":[],"jnews_single_post":[],"jnews_primary_category":[],"jnews_social_meta":[],"jnews_paywall_metabox":[],"jnews_review":[],"enable_review":"","type":"","name":"","summary":"","brand":"","sku":"","good":[],"bad":[],"score_override":"","override_value":"","rating":[],"price":[],"jnews_override_counter":[],"jnews_post_split":[],"footnotes":""},"categories":[83],"tags":[],"class_list":["post-13387","post","type-post","status-publish","format-standard","has-post-thumbnail","hentry","category-politica"],"jetpack_featured_media_url":"https:\/\/laserenaradio.cl\/web\/wp-content\/uploads\/2025\/03\/homepiaiextractoscrapimg_webpRomerohomicidiosdatossobre_0.webp","jetpack_sharing_enabled":true,"_links":{"self":[{"href":"https:\/\/laserenaradio.cl\/web\/wp-json\/wp\/v2\/posts\/13387","targetHints":{"allow":["GET"]}}],"collection":[{"href":"https:\/\/laserenaradio.cl\/web\/wp-json\/wp\/v2\/posts"}],"about":[{"href":"https:\/\/laserenaradio.cl\/web\/wp-json\/wp\/v2\/types\/post"}],"author":[{"embeddable":true,"href":"https:\/\/laserenaradio.cl\/web\/wp-json\/wp\/v2\/users\/2"}],"replies":[{"embeddable":true,"href":"https:\/\/laserenaradio.cl\/web\/wp-json\/wp\/v2\/comments?post=13387"}],"version-history":[{"count":1,"href":"https:\/\/laserenaradio.cl\/web\/wp-json\/wp\/v2\/posts\/13387\/revisions"}],"predecessor-version":[{"id":13388,"href":"https:\/\/laserenaradio.cl\/web\/wp-json\/wp\/v2\/posts\/13387\/revisions\/13388"}],"wp:featuredmedia":[{"embeddable":true,"href":"https:\/\/laserenaradio.cl\/web\/wp-json\/wp\/v2\/media\/13386"}],"wp:attachment":[{"href":"https:\/\/laserenaradio.cl\/web\/wp-json\/wp\/v2\/media?parent=13387"}],"wp:term":[{"taxonomy":"category","embeddable":true,"href":"https:\/\/laserenaradio.cl\/web\/wp-json\/wp\/v2\/categories?post=13387"},{"taxonomy":"post_tag","embeddable":true,"href":"https:\/\/laserenaradio.cl\/web\/wp-json\/wp\/v2\/tags?post=13387"}],"curies":[{"name":"wp","href":"https:\/\/api.w.org\/{rel}","templated":true}]}}