{"id":13372,"date":"2025-03-18T15:54:38","date_gmt":"2025-03-18T18:54:38","guid":{"rendered":"https:\/\/laserenaradio.cl\/web\/?p=13372"},"modified":"2025-03-18T15:54:38","modified_gmt":"2025-03-18T18:54:38","slug":"arturo-vidal-prefiere-una-copa-libertadores-con-colo-colo","status":"publish","type":"post","link":"https:\/\/laserenaradio.cl\/web\/2025\/03\/18\/arturo-vidal-prefiere-una-copa-libertadores-con-colo-colo\/","title":{"rendered":"Arturo Vidal prefiere una Copa Libertadores con Colo-Colo"},"content":{"rendered":"<p><b>Arturo Vidal, con su experiencia en clubes como Bayer Leverkusen, Juventus, Bayern M\u00fanich, FC Barcelona e Inter de Mil\u00e1n, se prepara para afrontar con Colo Colo la Copa Libertadores 2025<\/b><!--more-->.<\/p>\n<p>El \u2018King\u2019 ya ha ganado el m\u00e1ximo certamen continental de clubes, logrando el t\u00edtulo en 2022 con Flamengo, pero su &#8216;hambre&#8217; sigue latente.<\/p>\n<p>A los 37 a\u00f1os y oriundo de San Joaqu\u00edn, Vidal ve la Copa Libertadores como la segunda estrella del \u2018popular\u2019 Colo Colo tras la conseguida en 1991.<\/p>\n<p>En el podcast Centenario, emitido en los canales oficiales de la tienda alba, se le puso entre la espada y la pared con la opci\u00f3n de elegir entre ganar una Copa Libertadores con Colo Colo o una nueva Copa Am\u00e9rica con Chile.<\/p>\n<p>Vidal declar\u00f3 con firmeza: \u201cSi me dieran a elegir ahora, quiero una nueva Copa Libertadores con Colo Colo. Es la que no tienen y es la que no tengo, todav\u00eda\u201d. Asegurando que ya ha ganado dos Copas Am\u00e9rica con Chile, considera que a\u00fan tiene mucho por conquistar en el terreno de juego.<\/p>\n<p>Adem\u00e1s, Arturo Vidal se mostr\u00f3 ambicioso al declarar: \u201cCon Chile ya gan\u00e9 dos Copas Am\u00e9rica y fue maravilloso. Por eso prefiero una Copa Libertadores\u2026 o llegar a un Mundial con Chile. Uno tiene que ser ambicioso, aunque sea muy dif\u00edcil\u201d.<\/p>\n<p>Para cerrar, el volante ya se imagina su futuro tras colgar los botines: \u201cQuiero ser entrenador de Colo Colo, empezar ah\u00ed y despu\u00e9s la Selecci\u00f3n\u201d, asegur\u00f3.<\/p>\n","protected":false},"excerpt":{"rendered":"<p>Arturo Vidal, con su experiencia en clubes como Bayer Leverkusen, Juventus, Bayern M\u00fanich, FC Barcelona e Inter de Mil\u00e1n, se prepara para afrontar con Colo Colo la Copa Libertadores 2025<\/p>\n","protected":false},"author":2,"featured_media":13371,"comment_status":"closed","ping_status":"open","sticky":false,"template":"","format":"standard","meta":{"_jetpack_memberships_contains_paid_content":false,"jnews-multi-image_gallery":[],"jnews_single_post":[],"jnews_primary_category":[],"jnews_social_meta":[],"jnews_paywall_metabox":[],"jnews_review":[],"enable_review":"","type":"","name":"","summary":"","brand":"","sku":"","good":[],"bad":[],"score_override":"","override_value":"","rating":[],"price":[],"jnews_override_counter":[],"jnews_post_split":[],"footnotes":""},"categories":[84],"tags":[],"class_list":["post-13372","post","type-post","status-publish","format-standard","has-post-thumbnail","hentry","category-deportes"],"jetpack_featured_media_url":"https:\/\/laserenaradio.cl\/web\/wp-content\/uploads\/2025\/03\/homepiaiextractoscrapimg_webpColoColoCopaLibertadores_1.webp","jetpack_sharing_enabled":true,"_links":{"self":[{"href":"https:\/\/laserenaradio.cl\/web\/wp-json\/wp\/v2\/posts\/13372","targetHints":{"allow":["GET"]}}],"collection":[{"href":"https:\/\/laserenaradio.cl\/web\/wp-json\/wp\/v2\/posts"}],"about":[{"href":"https:\/\/laserenaradio.cl\/web\/wp-json\/wp\/v2\/types\/post"}],"author":[{"embeddable":true,"href":"https:\/\/laserenaradio.cl\/web\/wp-json\/wp\/v2\/users\/2"}],"replies":[{"embeddable":true,"href":"https:\/\/laserenaradio.cl\/web\/wp-json\/wp\/v2\/comments?post=13372"}],"version-history":[{"count":1,"href":"https:\/\/laserenaradio.cl\/web\/wp-json\/wp\/v2\/posts\/13372\/revisions"}],"predecessor-version":[{"id":13373,"href":"https:\/\/laserenaradio.cl\/web\/wp-json\/wp\/v2\/posts\/13372\/revisions\/13373"}],"wp:featuredmedia":[{"embeddable":true,"href":"https:\/\/laserenaradio.cl\/web\/wp-json\/wp\/v2\/media\/13371"}],"wp:attachment":[{"href":"https:\/\/laserenaradio.cl\/web\/wp-json\/wp\/v2\/media?parent=13372"}],"wp:term":[{"taxonomy":"category","embeddable":true,"href":"https:\/\/laserenaradio.cl\/web\/wp-json\/wp\/v2\/categories?post=13372"},{"taxonomy":"post_tag","embeddable":true,"href":"https:\/\/laserenaradio.cl\/web\/wp-json\/wp\/v2\/tags?post=13372"}],"curies":[{"name":"wp","href":"https:\/\/api.w.org\/{rel}","templated":true}]}}