{"id":13366,"date":"2025-03-18T11:37:00","date_gmt":"2025-03-18T14:37:00","guid":{"rendered":"https:\/\/laserenaradio.cl\/web\/?p=13366"},"modified":"2025-03-18T11:37:00","modified_gmt":"2025-03-18T14:37:00","slug":"la-roja-ricardo-gareca-presenta-su-primera-alineacion-tentativa-para-el-enfrentamiento-contra-paraguay","status":"publish","type":"post","link":"https:\/\/laserenaradio.cl\/web\/2025\/03\/18\/la-roja-ricardo-gareca-presenta-su-primera-alineacion-tentativa-para-el-enfrentamiento-contra-paraguay\/","title":{"rendered":"La Roja: Ricardo Gareca presenta su primera alineaci\u00f3n tentativa para el enfrentamiento contra Paraguay"},"content":{"rendered":"<p><b>El entrenador de La Roja, Ricardo Gareca, present\u00f3 una alineaci\u00f3n tentativa para el crucial encuentro contra Paraguay en las Eliminatorias de Conmebol<\/b><!--more-->.<\/p>\n<p>El lunes por la tarde, el estratega realiz\u00f3 una pr\u00e1ctica con casi todos los convocados, lo que le permiti\u00f3 avanzar en su planificaci\u00f3n para la &#8216;Misi\u00f3n Asunci\u00f3n&#8217;. Entre las decisiones notables, Gareca eligi\u00f3 a Brayan Cort\u00e9s como arquero titular, pese a los problemas experimentados recientemente con Colo Colo. Adem\u00e1s, opt\u00f3 por el uso de Felipe Loyola en la banda derecha, un rol que ha desempe\u00f1ado anteriormente con Huachipato.<\/p>\n<p>El \u2018Tigre\u2019 tambi\u00e9n dio su apoyo a Arturo Vidal y Alexis S\u00e1nchez, quienes trabajaron como titulares durante la pr\u00e1ctica, a pesar de los pocos minutos que han tenido en el \u00faltimo mes.<\/p>\n<p>Las dudas persisten sobre Fernando Zampedri, quien a\u00fan no ha sido incluido en el once inicial.<\/p>\n<p>Con base en esta pr\u00e1ctica, Gareca conform\u00f3 una posible oncena con Brayan Cort\u00e9s; Felipe Loyola, Francisco Sierralta, Benjam\u00edn Kuscevic y Erick Wiemberg; Rodrigo Echeverr\u00eda, Arturo Vidal; Alexis S\u00e1nchez; Alexander Aravena, Lucas Cepeda y Eduardo Vargas.<\/p>\n","protected":false},"excerpt":{"rendered":"<p>El entrenador de La Roja, Ricardo Gareca, present\u00f3 una alineaci\u00f3n tentativa para el crucial encuentro contra Paraguay en las Eliminatorias de Conmebol<\/p>\n","protected":false},"author":2,"featured_media":13365,"comment_status":"closed","ping_status":"open","sticky":false,"template":"","format":"standard","meta":{"_jetpack_memberships_contains_paid_content":false,"jnews-multi-image_gallery":[],"jnews_single_post":[],"jnews_primary_category":[],"jnews_social_meta":[],"jnews_paywall_metabox":[],"jnews_review":[],"enable_review":"","type":"","name":"","summary":"","brand":"","sku":"","good":[],"bad":[],"score_override":"","override_value":"","rating":[],"price":[],"jnews_override_counter":[],"jnews_post_split":[],"footnotes":""},"categories":[84],"tags":[],"class_list":["post-13366","post","type-post","status-publish","format-standard","has-post-thumbnail","hentry","category-deportes"],"jetpack_featured_media_url":"https:\/\/laserenaradio.cl\/web\/wp-content\/uploads\/2025\/03\/homepiaiextractoscrapimg_webpRicardoGarecatentativacontraParaguay_1.webp","jetpack_sharing_enabled":true,"_links":{"self":[{"href":"https:\/\/laserenaradio.cl\/web\/wp-json\/wp\/v2\/posts\/13366","targetHints":{"allow":["GET"]}}],"collection":[{"href":"https:\/\/laserenaradio.cl\/web\/wp-json\/wp\/v2\/posts"}],"about":[{"href":"https:\/\/laserenaradio.cl\/web\/wp-json\/wp\/v2\/types\/post"}],"author":[{"embeddable":true,"href":"https:\/\/laserenaradio.cl\/web\/wp-json\/wp\/v2\/users\/2"}],"replies":[{"embeddable":true,"href":"https:\/\/laserenaradio.cl\/web\/wp-json\/wp\/v2\/comments?post=13366"}],"version-history":[{"count":1,"href":"https:\/\/laserenaradio.cl\/web\/wp-json\/wp\/v2\/posts\/13366\/revisions"}],"predecessor-version":[{"id":13367,"href":"https:\/\/laserenaradio.cl\/web\/wp-json\/wp\/v2\/posts\/13366\/revisions\/13367"}],"wp:featuredmedia":[{"embeddable":true,"href":"https:\/\/laserenaradio.cl\/web\/wp-json\/wp\/v2\/media\/13365"}],"wp:attachment":[{"href":"https:\/\/laserenaradio.cl\/web\/wp-json\/wp\/v2\/media?parent=13366"}],"wp:term":[{"taxonomy":"category","embeddable":true,"href":"https:\/\/laserenaradio.cl\/web\/wp-json\/wp\/v2\/categories?post=13366"},{"taxonomy":"post_tag","embeddable":true,"href":"https:\/\/laserenaradio.cl\/web\/wp-json\/wp\/v2\/tags?post=13366"}],"curies":[{"name":"wp","href":"https:\/\/api.w.org\/{rel}","templated":true}]}}