{"id":13363,"date":"2025-03-18T11:33:05","date_gmt":"2025-03-18T14:33:05","guid":{"rendered":"https:\/\/laserenaradio.cl\/web\/?p=13363"},"modified":"2025-03-18T11:33:05","modified_gmt":"2025-03-18T14:33:05","slug":"diputadas-y-diputados-solicitaran-a-la-corte-suprema-remocion-del-fiscal-patricio-cooper","status":"publish","type":"post","link":"https:\/\/laserenaradio.cl\/web\/2025\/03\/18\/diputadas-y-diputados-solicitaran-a-la-corte-suprema-remocion-del-fiscal-patricio-cooper\/","title":{"rendered":"Diputadas y diputados solicitar\u00e1n a la Corte Suprema remoci\u00f3n del fiscal Patricio Cooper"},"content":{"rendered":"<p><b>Un grupo transversal de legisladores y legisladoras, incluyendo diputadas y diputados del Comit\u00e9 PC\/FRVS\/AH e independientes, as\u00ed como miembros de las bancadas del PS, PPD y FA, han solicitado ante la Corte Suprema la remoci\u00f3n del fiscal Patricio Cooper<\/b><!--more-->.<\/p>\n<p>Esta medida surge en el contexto del controvertido proceso de allanamiento realizado al domicilio de la diputada Karol Cariola (PC), quien est\u00e1 siendo investigada por presuntos delitos de tr\u00e1fico de influencias.<\/p>\n<p>Adem\u00e1s, la situaci\u00f3n se ha agudizado con la filtraci\u00f3n de conversaciones por WhatsApp entre la legisladora y la exalcaldesa de Santiago, Irac\u00ed Hassler.<\/p>\n<p>Este conjunto de eventos ha generado una respuesta colectiva en el Congreso para reevaluar la gesti\u00f3n fiscal correspondiente.<\/p>\n","protected":false},"excerpt":{"rendered":"<p>Un grupo transversal de legisladores y legisladoras, incluyendo diputadas y diputados del Comit\u00e9 PC\/FRVS\/AH e independientes, as\u00ed como miembros de las bancadas del PS, PPD y FA, han solicitado ante la Corte Suprema la remoci\u00f3n del fiscal Patricio Cooper<\/p>\n","protected":false},"author":2,"featured_media":13362,"comment_status":"closed","ping_status":"open","sticky":false,"template":"","format":"standard","meta":{"_jetpack_memberships_contains_paid_content":false,"jnews-multi-image_gallery":[],"jnews_single_post":[],"jnews_primary_category":[],"jnews_social_meta":[],"jnews_paywall_metabox":[],"jnews_review":[],"enable_review":"","type":"","name":"","summary":"","brand":"","sku":"","good":[],"bad":[],"score_override":"","override_value":"","rating":[],"price":[],"jnews_override_counter":[],"jnews_post_split":[],"footnotes":""},"categories":[83],"tags":[],"class_list":["post-13363","post","type-post","status-publish","format-standard","has-post-thumbnail","hentry","category-politica"],"jetpack_featured_media_url":"https:\/\/laserenaradio.cl\/web\/wp-content\/uploads\/2025\/03\/homepiaiextractoscrapimg_webpDiputadasCorte_0.webp","jetpack_sharing_enabled":true,"_links":{"self":[{"href":"https:\/\/laserenaradio.cl\/web\/wp-json\/wp\/v2\/posts\/13363","targetHints":{"allow":["GET"]}}],"collection":[{"href":"https:\/\/laserenaradio.cl\/web\/wp-json\/wp\/v2\/posts"}],"about":[{"href":"https:\/\/laserenaradio.cl\/web\/wp-json\/wp\/v2\/types\/post"}],"author":[{"embeddable":true,"href":"https:\/\/laserenaradio.cl\/web\/wp-json\/wp\/v2\/users\/2"}],"replies":[{"embeddable":true,"href":"https:\/\/laserenaradio.cl\/web\/wp-json\/wp\/v2\/comments?post=13363"}],"version-history":[{"count":1,"href":"https:\/\/laserenaradio.cl\/web\/wp-json\/wp\/v2\/posts\/13363\/revisions"}],"predecessor-version":[{"id":13364,"href":"https:\/\/laserenaradio.cl\/web\/wp-json\/wp\/v2\/posts\/13363\/revisions\/13364"}],"wp:featuredmedia":[{"embeddable":true,"href":"https:\/\/laserenaradio.cl\/web\/wp-json\/wp\/v2\/media\/13362"}],"wp:attachment":[{"href":"https:\/\/laserenaradio.cl\/web\/wp-json\/wp\/v2\/media?parent=13363"}],"wp:term":[{"taxonomy":"category","embeddable":true,"href":"https:\/\/laserenaradio.cl\/web\/wp-json\/wp\/v2\/categories?post=13363"},{"taxonomy":"post_tag","embeddable":true,"href":"https:\/\/laserenaradio.cl\/web\/wp-json\/wp\/v2\/tags?post=13363"}],"curies":[{"name":"wp","href":"https:\/\/api.w.org\/{rel}","templated":true}]}}