{"id":13357,"date":"2025-03-18T11:04:13","date_gmt":"2025-03-18T14:04:13","guid":{"rendered":"https:\/\/laserenaradio.cl\/web\/?p=13357"},"modified":"2025-03-18T11:04:13","modified_gmt":"2025-03-18T14:04:13","slug":"desafio-a-las-autoridades-diez-homicidios-y-la-ineficacia-del-plan-calles-sin-violencia","status":"publish","type":"post","link":"https:\/\/laserenaradio.cl\/web\/2025\/03\/18\/desafio-a-las-autoridades-diez-homicidios-y-la-ineficacia-del-plan-calles-sin-violencia\/","title":{"rendered":"Desaf\u00edo a las autoridades: diez homicidios y la ineficacia del Plan Calles sin Violencia"},"content":{"rendered":"<p><b>Diez homicidios ocurridos entre el s\u00e1bado y el lunes pasado han generado preocupaci\u00f3n y reavivado el debate sobre la efectividad del Plan Calles sin Violencia y la lucha contra la criminalidad en Chile<\/b><!--more-->.<\/p>\n<p>Los cr\u00edmenes, distribuidos en diversas ciudades como Arica, La Pintana, Coyhaique, Santiago, San Bernardo y Melipilla, apuntan a la presencia de criminales organizados como factor com\u00fan. Expertos como Ra\u00fal Arancibia y Alexis Rogat advierten sobre las advertencias ignoradas previamente.<\/p>\n<p>Por su parte, el abogado Gonzalo Lobos propone cambios institucionales para mejorar la respuesta ante situaciones similares.<\/p>\n<p>Adem\u00e1s, se destaca la preocupaci\u00f3n por la alta circulaci\u00f3n de armas en el pa\u00eds, un factor que contribuye a la escalada de violencia.<\/p>\n<p>En los primeros 48 horas del s\u00e1bado y este lunes, se registraron diez homicidios. Estas sangrientas 48 horas reabrieron el debate en torno a la eficiencia del Plan Calles sin Violencia y la manera en que las autoridades est\u00e1n combatiendo la criminalidad.<\/p>\n<p>En detalle, tres de los asesinatos se registraron en Arica (dos en Cerro Chu\u00f1o, lugar donde operaban &#8220;Los Gallegos&#8221;, y uno en la poblaci\u00f3n Juan No\u00e9); una ocurri\u00f3 en La Pintana, donde una disputa vecinal por un estacionamiento termin\u00f3 con la vida de una persona; una en Coyhaique, donde un adulto mayor mat\u00f3 a otro por estar sacando le\u00f1a desde su predio; tres en Santiago Centro (dos de los cuales fallecieron en Club H\u00edpico y otro en el Barrio Brasil); una en San Bernardo, donde en calle Cinco Pinos con Alfredo Benavides, un hombre fue asesinado a cinco disparos; y la \u00faltima en Melipilla, donde un adolescente de 17 a\u00f1os fue baleado en la poblaci\u00f3n Teniente Merino de esa ciudad.<\/p>\n<p>Si bien los or\u00edgenes de estos hechos son diversos y se encuentran siendo investigados, el trabajo de las polic\u00edas y del Ministerio P\u00fablico apunta -en su mayor\u00eda- a un factor com\u00fan: el crimen organizado. A pesar de los esfuerzos realizados, este sigue operando en el territorio nacional.<\/p>\n<p>Frente a este escenario, surge la pregunta sobre si est\u00e1 siendo realmente efectivo el Plan Calles sin Violencia y si ser\u00eda prudente replantearse este programa que buscaba terminar o reducir la criminalidad en los barrios.<\/p>\n<p>El exfiscal regional de Tarapac\u00e1, Ra\u00fal Arancibia, tiene un diagn\u00f3stico claro: se hicieron varias advertencias de que estas situaciones se registrar\u00edan tarde o temprano y las recomendaciones fueron ignoradas por los organismos correspondientes. Un panorama similar mantiene el tambi\u00e9n exfiscal regional de Copiap\u00f3, Alexis Rogat.<\/p>\n<p>A pesar de todo, contin\u00faan operando bandas criminales en el territorio nacional.<\/p>\n<p>Arancibia agreg\u00f3 que, en este tipo de casos, no es descartable la participaci\u00f3n de criminalidad organizada.<\/p>\n<p>El abogado penalista y docente de la Facultad de Derecho de la Universidad de las Am\u00e9ricas, Gonzalo Lobos, fue m\u00e1s all\u00e1 proponiendo cambios sustanciales en la institucionalidad. \u00c9l asegura que mientras no se mejoren los tiempos de respuesta ante hechos de estas caracter\u00edsticas, dif\u00edcilmente la situaci\u00f3n en el pa\u00eds podr\u00eda cambiar para bien.<\/p>\n<p>En este contexto, otro punto que abordan expertos es la alta circulaci\u00f3n de armas a nivel nacional.<\/p>\n<p>La acad\u00e9mica del Centro de Estudios en Seguridad y Crimen Organizado (CESCRO) de la Universidad San Sebasti\u00e1n, P\u00eda Greene, indic\u00f3 a La Tercera que en Chile &#8220;hay muchas armas dando vueltas&#8221; lo que hace que haya mayor poder de fuego, por lo tanto, mayor violencia.<\/p>\n","protected":false},"excerpt":{"rendered":"<p>Diez homicidios ocurridos entre el s\u00e1bado y el lunes pasado han generado preocupaci\u00f3n y reavivado el debate sobre la efectividad del Plan Calles sin Violencia y la lucha contra la criminalidad en Chile<\/p>\n","protected":false},"author":2,"featured_media":13356,"comment_status":"closed","ping_status":"open","sticky":false,"template":"","format":"standard","meta":{"_jetpack_memberships_contains_paid_content":false,"jnews-multi-image_gallery":[],"jnews_single_post":[],"jnews_primary_category":[],"jnews_social_meta":[],"jnews_paywall_metabox":[],"jnews_review":[],"enable_review":"","type":"","name":"","summary":"","brand":"","sku":"","good":[],"bad":[],"score_override":"","override_value":"","rating":[],"price":[],"jnews_override_counter":[],"jnews_post_split":[],"footnotes":""},"categories":[83],"tags":[],"class_list":["post-13357","post","type-post","status-publish","format-standard","has-post-thumbnail","hentry","category-politica"],"jetpack_featured_media_url":"https:\/\/laserenaradio.cl\/web\/wp-content\/uploads\/2025\/03\/homepiaiextractoscrapimg_webpPlanCallesViolenciacriminalidadhomicidios_0.webp","jetpack_sharing_enabled":true,"_links":{"self":[{"href":"https:\/\/laserenaradio.cl\/web\/wp-json\/wp\/v2\/posts\/13357","targetHints":{"allow":["GET"]}}],"collection":[{"href":"https:\/\/laserenaradio.cl\/web\/wp-json\/wp\/v2\/posts"}],"about":[{"href":"https:\/\/laserenaradio.cl\/web\/wp-json\/wp\/v2\/types\/post"}],"author":[{"embeddable":true,"href":"https:\/\/laserenaradio.cl\/web\/wp-json\/wp\/v2\/users\/2"}],"replies":[{"embeddable":true,"href":"https:\/\/laserenaradio.cl\/web\/wp-json\/wp\/v2\/comments?post=13357"}],"version-history":[{"count":1,"href":"https:\/\/laserenaradio.cl\/web\/wp-json\/wp\/v2\/posts\/13357\/revisions"}],"predecessor-version":[{"id":13358,"href":"https:\/\/laserenaradio.cl\/web\/wp-json\/wp\/v2\/posts\/13357\/revisions\/13358"}],"wp:featuredmedia":[{"embeddable":true,"href":"https:\/\/laserenaradio.cl\/web\/wp-json\/wp\/v2\/media\/13356"}],"wp:attachment":[{"href":"https:\/\/laserenaradio.cl\/web\/wp-json\/wp\/v2\/media?parent=13357"}],"wp:term":[{"taxonomy":"category","embeddable":true,"href":"https:\/\/laserenaradio.cl\/web\/wp-json\/wp\/v2\/categories?post=13357"},{"taxonomy":"post_tag","embeddable":true,"href":"https:\/\/laserenaradio.cl\/web\/wp-json\/wp\/v2\/tags?post=13357"}],"curies":[{"name":"wp","href":"https:\/\/api.w.org\/{rel}","templated":true}]}}