{"id":13354,"date":"2025-03-18T10:59:22","date_gmt":"2025-03-18T13:59:22","guid":{"rendered":"https:\/\/laserenaradio.cl\/web\/?p=13354"},"modified":"2025-03-18T10:59:22","modified_gmt":"2025-03-18T13:59:22","slug":"la-camara-aprueba-proyecto-para-restringir-derechos-de-extranjeros-en-elecciones","status":"publish","type":"post","link":"https:\/\/laserenaradio.cl\/web\/2025\/03\/18\/la-camara-aprueba-proyecto-para-restringir-derechos-de-extranjeros-en-elecciones\/","title":{"rendered":"La C\u00e1mara aprueba proyecto para restringir derechos de extranjeros en elecciones"},"content":{"rendered":"<p><b>En una discusi\u00f3n cargada de controversia, la Comisi\u00f3n de Gobierno Interior de la C\u00e1mara de Diputadas y Diputados abord\u00f3 el proyecto que restringir\u00eda el derecho a voto de extranjeros en elecciones parlamentarias y presidenciales<\/b><!--more-->.<\/p>\n<p>La propuesta sugiere que los ciudadanos no chilenos puedan votar solo en las elecciones municipales.<\/p>\n<p>Entre las razones para esta medida, la diputada Daniela Cicardini, del Partido Socialista, argument\u00f3 que su iniciativa no tiene fines electorales y se enfoca en evitar la &#8220;improvisaci\u00f3n&#8221; y el &#8220;c\u00e1lculo pol\u00edtico&#8221;. Sin embargo, el diputado Jos\u00e9 Carlos Meza, republicano, acus\u00f3 a las fuerzas oficialistas de buscar ventajas pol\u00edticas mientras se tramita una reforma electoral en el Senado.<\/p>\n<p>El diputado Juan Fuenzalida, de la UDI, reiter\u00f3 que esta medida es un &#8220;grosero oportunismo electoral&#8221;, mencionando que el Senado ya debate la reforma del sistema pol\u00edtico.<\/p>\n<p>El ministro del Interior, \u00c1lvaro Elizalde, destac\u00f3 que se trata de un tema de debate necesario. En la \u00faltima elecci\u00f3n municipal y de gobernadores, aproximadamente 786,000 inmigrantes con derecho a voto participaron, representando el 5,1% del padr\u00f3n electoral.<\/p>\n<p>Este contexto ilustra la relevancia de la discusi\u00f3n actual sobre los derechos pol\u00edticos de extranjeros en Chile.<\/p>\n","protected":false},"excerpt":{"rendered":"<p>En una discusi\u00f3n cargada de controversia, la Comisi\u00f3n de Gobierno Interior de la C\u00e1mara de Diputadas y Diputados abord\u00f3 el proyecto que restringir\u00eda el derecho a voto de extranjeros en elecciones parlamentarias y presidenciales<\/p>\n","protected":false},"author":2,"featured_media":13353,"comment_status":"closed","ping_status":"open","sticky":false,"template":"","format":"standard","meta":{"_jetpack_memberships_contains_paid_content":false,"jnews-multi-image_gallery":[],"jnews_single_post":[],"jnews_primary_category":[],"jnews_social_meta":[],"jnews_paywall_metabox":[],"jnews_review":[],"enable_review":"","type":"","name":"","summary":"","brand":"","sku":"","good":[],"bad":[],"score_override":"","override_value":"","rating":[],"price":[],"jnews_override_counter":[],"jnews_post_split":[],"footnotes":""},"categories":[83],"tags":[],"class_list":["post-13354","post","type-post","status-publish","format-standard","has-post-thumbnail","hentry","category-politica"],"jetpack_featured_media_url":"https:\/\/laserenaradio.cl\/web\/wp-content\/uploads\/2025\/03\/homepiaiextractoscrapimg_webpCamaraextranjeros_0.webp","jetpack_sharing_enabled":true,"_links":{"self":[{"href":"https:\/\/laserenaradio.cl\/web\/wp-json\/wp\/v2\/posts\/13354","targetHints":{"allow":["GET"]}}],"collection":[{"href":"https:\/\/laserenaradio.cl\/web\/wp-json\/wp\/v2\/posts"}],"about":[{"href":"https:\/\/laserenaradio.cl\/web\/wp-json\/wp\/v2\/types\/post"}],"author":[{"embeddable":true,"href":"https:\/\/laserenaradio.cl\/web\/wp-json\/wp\/v2\/users\/2"}],"replies":[{"embeddable":true,"href":"https:\/\/laserenaradio.cl\/web\/wp-json\/wp\/v2\/comments?post=13354"}],"version-history":[{"count":1,"href":"https:\/\/laserenaradio.cl\/web\/wp-json\/wp\/v2\/posts\/13354\/revisions"}],"predecessor-version":[{"id":13355,"href":"https:\/\/laserenaradio.cl\/web\/wp-json\/wp\/v2\/posts\/13354\/revisions\/13355"}],"wp:featuredmedia":[{"embeddable":true,"href":"https:\/\/laserenaradio.cl\/web\/wp-json\/wp\/v2\/media\/13353"}],"wp:attachment":[{"href":"https:\/\/laserenaradio.cl\/web\/wp-json\/wp\/v2\/media?parent=13354"}],"wp:term":[{"taxonomy":"category","embeddable":true,"href":"https:\/\/laserenaradio.cl\/web\/wp-json\/wp\/v2\/categories?post=13354"},{"taxonomy":"post_tag","embeddable":true,"href":"https:\/\/laserenaradio.cl\/web\/wp-json\/wp\/v2\/tags?post=13354"}],"curies":[{"name":"wp","href":"https:\/\/api.w.org\/{rel}","templated":true}]}}