{"id":13348,"date":"2025-03-18T10:51:59","date_gmt":"2025-03-18T13:51:59","guid":{"rendered":"https:\/\/laserenaradio.cl\/web\/?p=13348"},"modified":"2025-03-18T10:51:59","modified_gmt":"2025-03-18T13:51:59","slug":"la-fiscalia-investigara-la-relacion-entre-el-megacorte-de-luz-del-25-de-febrero-y-las-muertes-de-pacientes-electrodependientes","status":"publish","type":"post","link":"https:\/\/laserenaradio.cl\/web\/2025\/03\/18\/la-fiscalia-investigara-la-relacion-entre-el-megacorte-de-luz-del-25-de-febrero-y-las-muertes-de-pacientes-electrodependientes\/","title":{"rendered":"La Fiscal\u00eda investigar\u00e1 la relaci\u00f3n entre el megacorte de luz del 25 de febrero y las muertes de pacientes electrodependientes"},"content":{"rendered":"<p><b>La <a href=\"https:\/\/www.fiscaliadechile.cl\/\">Fiscal\u00eda<\/a> investigar\u00e1 posibles v\u00ednculos entre el fallecimiento de seis pacientes electrodependientes y el megacorte de luz del 25 de febrero<\/b><!--more-->.<\/p>\n<p>La Superintendencia de Electricidad y Combustibles (SEC) remiti\u00f3 al Ministerio P\u00fablico los antecedentes relacionados con estas muertes, obtenidos tras requerir informaci\u00f3n a Enel en el marco de la investigaci\u00f3n del apag\u00f3n que afect\u00f3 gran parte del pa\u00eds.<\/p>\n<p>Marta Cabeza, Superintendenta de Electricidad y Combustibles, indic\u00f3: &#8220;Hemos remitido los antecedentes al Ministerio P\u00fablico para que determine si la interrupci\u00f3n del suministro el\u00e9ctrico tuvo alg\u00fan impacto en estos fallecimientos&#8221;.<\/p>\n<p>Adem\u00e1s, se est\u00e1 revisando si la empresa distribuidora pudo recibir y gestionar adecuadamente las llamadas de emergencia de pacientes electrodependientes.<\/p>\n<p>Se eval\u00faa tambi\u00e9n si contaba con mecanismos para devolver la llamada en caso de l\u00edneas saturadas, si entreg\u00f3 los equipos de respaldo que exige la ley, y si aplic\u00f3 correctamente los descuentos en la facturaci\u00f3n de estos clientes.<\/p>\n","protected":false},"excerpt":{"rendered":"<p>La Fiscal\u00eda investigar\u00e1 posibles v\u00ednculos entre el fallecimiento de seis pacientes electrodependientes y el megacorte de luz del 25 de febrero<\/p>\n","protected":false},"author":2,"featured_media":13347,"comment_status":"closed","ping_status":"open","sticky":false,"template":"","format":"standard","meta":{"_jetpack_memberships_contains_paid_content":false,"jnews-multi-image_gallery":[],"jnews_single_post":[],"jnews_primary_category":[],"jnews_social_meta":[],"jnews_paywall_metabox":[],"jnews_review":[],"enable_review":"","type":"","name":"","summary":"","brand":"","sku":"","good":[],"bad":[],"score_override":"","override_value":"","rating":[],"price":[],"jnews_override_counter":[],"jnews_post_split":[],"footnotes":""},"categories":[21],"tags":[],"class_list":["post-13348","post","type-post","status-publish","format-standard","has-post-thumbnail","hentry","category-nacional"],"jetpack_featured_media_url":"https:\/\/laserenaradio.cl\/web\/wp-content\/uploads\/2025\/03\/homepiaiextractoscrapimg_webpelectrodependientesmegacorteluz_1.webp","jetpack_sharing_enabled":true,"_links":{"self":[{"href":"https:\/\/laserenaradio.cl\/web\/wp-json\/wp\/v2\/posts\/13348","targetHints":{"allow":["GET"]}}],"collection":[{"href":"https:\/\/laserenaradio.cl\/web\/wp-json\/wp\/v2\/posts"}],"about":[{"href":"https:\/\/laserenaradio.cl\/web\/wp-json\/wp\/v2\/types\/post"}],"author":[{"embeddable":true,"href":"https:\/\/laserenaradio.cl\/web\/wp-json\/wp\/v2\/users\/2"}],"replies":[{"embeddable":true,"href":"https:\/\/laserenaradio.cl\/web\/wp-json\/wp\/v2\/comments?post=13348"}],"version-history":[{"count":1,"href":"https:\/\/laserenaradio.cl\/web\/wp-json\/wp\/v2\/posts\/13348\/revisions"}],"predecessor-version":[{"id":13349,"href":"https:\/\/laserenaradio.cl\/web\/wp-json\/wp\/v2\/posts\/13348\/revisions\/13349"}],"wp:featuredmedia":[{"embeddable":true,"href":"https:\/\/laserenaradio.cl\/web\/wp-json\/wp\/v2\/media\/13347"}],"wp:attachment":[{"href":"https:\/\/laserenaradio.cl\/web\/wp-json\/wp\/v2\/media?parent=13348"}],"wp:term":[{"taxonomy":"category","embeddable":true,"href":"https:\/\/laserenaradio.cl\/web\/wp-json\/wp\/v2\/categories?post=13348"},{"taxonomy":"post_tag","embeddable":true,"href":"https:\/\/laserenaradio.cl\/web\/wp-json\/wp\/v2\/tags?post=13348"}],"curies":[{"name":"wp","href":"https:\/\/api.w.org\/{rel}","templated":true}]}}