{"id":13333,"date":"2025-03-17T20:57:03","date_gmt":"2025-03-17T23:57:03","guid":{"rendered":"https:\/\/laserenaradio.cl\/web\/?p=13333"},"modified":"2025-03-17T20:57:03","modified_gmt":"2025-03-17T23:57:03","slug":"descenso-de-natalidad-en-chile-menos-bebes-mas-embarazadas-extranjeras","status":"publish","type":"post","link":"https:\/\/laserenaradio.cl\/web\/2025\/03\/17\/descenso-de-natalidad-en-chile-menos-bebes-mas-embarazadas-extranjeras\/","title":{"rendered":"Descenso de natalidad en Chile: Menos beb\u00e9s, m\u00e1s embarazadas extranjeras"},"content":{"rendered":"<p><b>Las recientes estad\u00edsticas vitales del <a href=\"http:\/\/www.ine.cl\/\">INE<\/a> revelan un descenso en la fecundidad chilena y un aumento significativo en el n\u00famero de nacimientos de madres extranjeras<\/b><!--more-->.<\/p>\n<p>Seg\u00fan el informe, se registraron 189.303 nacimientos a nivel nacional en 2022, lo que representa un &#8220;rebote&#8221; despu\u00e9s de la reducci\u00f3n de cifras observada durante la pandemia (-7,2% en 2020 y -9,1% en 2021).<\/p>\n<p>La tasa global de fecundidad para el a\u00f1o pasado se ubic\u00f3 en 1,25 hijos e hijas por mujer, disminuyendo a 1,16 en los datos provisionales del 2023. Chile contin\u00faa lejos del nivel te\u00f3rico de reemplazo, que es de 2,1.<\/p>\n<p>En contraste con la tendencia nacional, el n\u00famero de nacimientos de madres extranjeras ha experimentado un incremento constante. En 2017, el 6,9% de los nacidos vivos en Chile provinieron de mujeres de origen extranjero; esta proporci\u00f3n subi\u00f3 al 18,9% en 2022.<\/p>\n<p>De los 35.864 nacidos vivos de madres extranjeras durante este a\u00f1o, el mayor porcentaje correspondi\u00f3 a mujeres venezolanas (20,3%), seguidas de peruanas (10,6%), haitianas (10,0%), bolivianas (8,1%) y colombianas (6,2%). Estas cinco nacionalidades concentraron el 55,3% del total.<\/p>\n<p>En t\u00e9rminos regionales, los porcentajes m\u00e1s altos de hijos de madres extranjeras se observaron en Tarapac\u00e1 (47,9%), Antofagasta (40,6%) y Arica y Parinacota (38,1%). La regi\u00f3n Metropolitana present\u00f3 una tasa del 26,3%, seguida por Atacama con el 20,1%.<\/p>\n<p>Por otro lado, Los R\u00edos (3,0%), La Araucan\u00eda (3,9%) y \u00d1uble (5,7%) mostraron los menores porcentajes de nacidos vivos de madres extranjeras en relaci\u00f3n al total de nacimientos regionales.<\/p>\n","protected":false},"excerpt":{"rendered":"<p>Las recientes estad\u00edsticas vitales del INE revelan un descenso en la fecundidad chilena y un aumento significativo en el n\u00famero de nacimientos de madres extranjeras<\/p>\n","protected":false},"author":2,"featured_media":13332,"comment_status":"closed","ping_status":"open","sticky":false,"template":"","format":"standard","meta":{"_jetpack_memberships_contains_paid_content":false,"jnews-multi-image_gallery":[],"jnews_single_post":[],"jnews_primary_category":[],"jnews_social_meta":[],"jnews_paywall_metabox":[],"jnews_review":[],"enable_review":"","type":"","name":"","summary":"","brand":"","sku":"","good":[],"bad":[],"score_override":"","override_value":"","rating":[],"price":[],"jnews_override_counter":[],"jnews_post_split":[],"footnotes":""},"categories":[21],"tags":[],"class_list":["post-13333","post","type-post","status-publish","format-standard","has-post-thumbnail","hentry","category-nacional"],"jetpack_featured_media_url":"https:\/\/laserenaradio.cl\/web\/wp-content\/uploads\/2025\/03\/homepiaiextractoscrapimg_webpextranjerasmadresnacimientosChile_1.webp","jetpack_sharing_enabled":true,"_links":{"self":[{"href":"https:\/\/laserenaradio.cl\/web\/wp-json\/wp\/v2\/posts\/13333","targetHints":{"allow":["GET"]}}],"collection":[{"href":"https:\/\/laserenaradio.cl\/web\/wp-json\/wp\/v2\/posts"}],"about":[{"href":"https:\/\/laserenaradio.cl\/web\/wp-json\/wp\/v2\/types\/post"}],"author":[{"embeddable":true,"href":"https:\/\/laserenaradio.cl\/web\/wp-json\/wp\/v2\/users\/2"}],"replies":[{"embeddable":true,"href":"https:\/\/laserenaradio.cl\/web\/wp-json\/wp\/v2\/comments?post=13333"}],"version-history":[{"count":1,"href":"https:\/\/laserenaradio.cl\/web\/wp-json\/wp\/v2\/posts\/13333\/revisions"}],"predecessor-version":[{"id":13334,"href":"https:\/\/laserenaradio.cl\/web\/wp-json\/wp\/v2\/posts\/13333\/revisions\/13334"}],"wp:featuredmedia":[{"embeddable":true,"href":"https:\/\/laserenaradio.cl\/web\/wp-json\/wp\/v2\/media\/13332"}],"wp:attachment":[{"href":"https:\/\/laserenaradio.cl\/web\/wp-json\/wp\/v2\/media?parent=13333"}],"wp:term":[{"taxonomy":"category","embeddable":true,"href":"https:\/\/laserenaradio.cl\/web\/wp-json\/wp\/v2\/categories?post=13333"},{"taxonomy":"post_tag","embeddable":true,"href":"https:\/\/laserenaradio.cl\/web\/wp-json\/wp\/v2\/tags?post=13333"}],"curies":[{"name":"wp","href":"https:\/\/api.w.org\/{rel}","templated":true}]}}