{"id":13330,"date":"2025-03-17T20:53:55","date_gmt":"2025-03-17T23:53:55","guid":{"rendered":"https:\/\/laserenaradio.cl\/web\/?p=13330"},"modified":"2025-03-17T20:53:55","modified_gmt":"2025-03-17T23:53:55","slug":"parlamentarios-de-la-udi-cuestionan-al-presidente-gabriel-boric-por-no-lograr-el-apoyo-para-un-umbral-electoral-del-5","status":"publish","type":"post","link":"https:\/\/laserenaradio.cl\/web\/2025\/03\/17\/parlamentarios-de-la-udi-cuestionan-al-presidente-gabriel-boric-por-no-lograr-el-apoyo-para-un-umbral-electoral-del-5\/","title":{"rendered":"Parlamentarios de la UDI cuestionan al presidente Gabriel Boric por no lograr el apoyo para un umbral electoral del 5%"},"content":{"rendered":"<p><b>Los diputados de la UDI, Gustavo Benavente, Henry Leal y Marco Antonio Sulantay, cuestionaron al presidente Gabriel Boric por no conseguir el apoyo necesario para incluir el umbral del 5% para partidos pol\u00edticos en la reforma al sistema pol\u00edtico<\/b><!--more-->.<\/p>\n<p>Aunque los gremialistas valoran el inter\u00e9s casi transversal en esta iniciativa, lamentan que Boric no haya podido ejercer su liderazgo para imponer este umbral dentro del proyecto. En este sentido, los parlamentarios cuestionaron la \u201ccapacidad de liderazgo\u201d del mandatario al interior de su gobierno.<\/p>\n<p>Indicaron que &#8220;si \u00e9l est\u00e1 de acuerdo con aplicar un umbral de un 5% para los partidos pol\u00edticos, tal como lo reconoci\u00f3, deber\u00eda haber hecho todos los esfuerzos para convencer a su coalici\u00f3n y terminar imponiendo una medida clave en la reforma&#8221;. Adem\u00e1s, aseguraron que &#8220;es lamentable que el mismo Presidente Boric reconozca p\u00fablicamente su incapacidad de convencer a todos los integrantes de sus coaliciones de gobierno&#8221;.<\/p>\n<p>El umbral del 5% es crucial para reducir la fragmentaci\u00f3n y enfrentar problemas de representaci\u00f3n en el Congreso.<\/p>\n<p>Cabe destacar que los gremialistas tambi\u00e9n criticaron que &#8220;si dentro del gobierno no todos estaban de acuerdo con esta medida solo por c\u00e1lculos pol\u00edticos y no verse afectados, el actual Mandatario deber\u00eda haber ejercido su cargo de jefe de coalici\u00f3n para imponer esta medida, aunque algunos sectores se molestaran&#8221;.<\/p>\n<p>Finalmente, los tres gremialistas sostuvieron que persistir\u00e1n con el umbral del 5%, aludiendo a la necesidad de una barrera de entrada para resolver problemas de gobernabilidad. &#8220;Esta medida es fundamental si queremos volver a la l\u00f3gica de los grandes acuerdos que llevaron a nuestro pa\u00eds a vivir sus mejores momentos&#8221;, concluyeron.<\/p>\n","protected":false},"excerpt":{"rendered":"<p>Los diputados de la UDI, Gustavo Benavente, Henry Leal y Marco Antonio Sulantay, cuestionaron al presidente Gabriel Boric por no conseguir el apoyo necesario para incluir el umbral del 5% para partidos pol\u00edticos en la reforma al sistema pol\u00edtico<\/p>\n","protected":false},"author":2,"featured_media":13329,"comment_status":"closed","ping_status":"open","sticky":false,"template":"","format":"standard","meta":{"_jetpack_memberships_contains_paid_content":false,"jnews-multi-image_gallery":[],"jnews_single_post":[],"jnews_primary_category":[],"jnews_social_meta":[],"jnews_paywall_metabox":[],"jnews_review":[],"enable_review":"","type":"","name":"","summary":"","brand":"","sku":"","good":[],"bad":[],"score_override":"","override_value":"","rating":[],"price":[],"jnews_override_counter":[],"jnews_post_split":[],"footnotes":""},"categories":[83],"tags":[],"class_list":["post-13330","post","type-post","status-publish","format-standard","has-post-thumbnail","hentry","category-politica"],"jetpack_featured_media_url":"https:\/\/laserenaradio.cl\/web\/wp-content\/uploads\/2025\/03\/homepiaiextractoscrapimg_webpumbralgobiernomedidaGabrielBoric_0.webp","jetpack_sharing_enabled":true,"_links":{"self":[{"href":"https:\/\/laserenaradio.cl\/web\/wp-json\/wp\/v2\/posts\/13330","targetHints":{"allow":["GET"]}}],"collection":[{"href":"https:\/\/laserenaradio.cl\/web\/wp-json\/wp\/v2\/posts"}],"about":[{"href":"https:\/\/laserenaradio.cl\/web\/wp-json\/wp\/v2\/types\/post"}],"author":[{"embeddable":true,"href":"https:\/\/laserenaradio.cl\/web\/wp-json\/wp\/v2\/users\/2"}],"replies":[{"embeddable":true,"href":"https:\/\/laserenaradio.cl\/web\/wp-json\/wp\/v2\/comments?post=13330"}],"version-history":[{"count":1,"href":"https:\/\/laserenaradio.cl\/web\/wp-json\/wp\/v2\/posts\/13330\/revisions"}],"predecessor-version":[{"id":13331,"href":"https:\/\/laserenaradio.cl\/web\/wp-json\/wp\/v2\/posts\/13330\/revisions\/13331"}],"wp:featuredmedia":[{"embeddable":true,"href":"https:\/\/laserenaradio.cl\/web\/wp-json\/wp\/v2\/media\/13329"}],"wp:attachment":[{"href":"https:\/\/laserenaradio.cl\/web\/wp-json\/wp\/v2\/media?parent=13330"}],"wp:term":[{"taxonomy":"category","embeddable":true,"href":"https:\/\/laserenaradio.cl\/web\/wp-json\/wp\/v2\/categories?post=13330"},{"taxonomy":"post_tag","embeddable":true,"href":"https:\/\/laserenaradio.cl\/web\/wp-json\/wp\/v2\/tags?post=13330"}],"curies":[{"name":"wp","href":"https:\/\/api.w.org\/{rel}","templated":true}]}}