{"id":13327,"date":"2025-03-17T20:45:58","date_gmt":"2025-03-17T23:45:58","guid":{"rendered":"https:\/\/laserenaradio.cl\/web\/?p=13327"},"modified":"2025-03-17T20:45:58","modified_gmt":"2025-03-17T23:45:58","slug":"logro-exitoso-detienen-un-camion-con-2-mil-kilos-de-marihuana-en-tarapaca","status":"publish","type":"post","link":"https:\/\/laserenaradio.cl\/web\/2025\/03\/17\/logro-exitoso-detienen-un-camion-con-2-mil-kilos-de-marihuana-en-tarapaca\/","title":{"rendered":"Logro exitoso: Detienen un cami\u00f3n con 2 mil kilos de marihuana en Tarapac\u00e1"},"content":{"rendered":"<p><b>La Unidad de Drogas y Alta Complejidad de la <a href=\"https:\/\/www.fiscaliadechile.cl\/\">Fiscal\u00eda<\/a> Regional de Tarapac\u00e1, junto con la Brigada Antinarc\u00f3tico y Crimen Organizado de Iquique, interceptaron una importante cargamento de drogas que inclu\u00eda m\u00e1s de dos mil kilos de marihuana, 27 kilos de coca\u00edna base y m\u00e1s de 6 kilos de clorhidrato de coca\u00edna<\/b><!--more-->.<\/p>\n<p>Estas sustancias il\u00edcitas proven\u00edan de Bolivia y estaban destinadas a la zona central del pa\u00eds para su comercializaci\u00f3n.<\/p>\n<p>Seg\u00fan informaron los investigadores, la droga era transportada en camiones de alto tonelaje desde Bolivia, mientras que en Chile se utilizaban veh\u00edculos m\u00e1s peque\u00f1os para la distribuci\u00f3n. Sin embargo, una operaci\u00f3n exitosa permiti\u00f3 el descubrimiento del cami\u00f3n tipo \u00be que viajaba hacia Santiago.<\/p>\n<p>En la ruta Panamericana 5 Norte, en la comuna de Tal Tal, se encontraron sacos conteniendo 2.838 kilos de cannabis sativa, casi 27 kilos de coca\u00edna base y m\u00e1s de 6 kilos de clorhidrato de coca\u00edna.<\/p>\n<p>La fiscal Regional de Tarapac\u00e1, Trinidad Steinert, destac\u00f3 que este \u00e9xito beneficiar\u00e1 tanto a la regi\u00f3n como al pa\u00eds, ya que no solo afecta la econom\u00eda sino tambi\u00e9n la salud de las personas.<\/p>\n<p>La investigaci\u00f3n continuar\u00e1 junto con la Polic\u00eda de Investigaciones para determinar otros posibles autores del crimen.<\/p>\n<p>El conductor del cami\u00f3n fue formalizado por el delito de tr\u00e1fico il\u00edcito de drogas y se encuentra bajo medida cautelar de prisi\u00f3n preventiva mientras dura la investigaci\u00f3n.<\/p>\n<p>Esta operaci\u00f3n demuestra el compromiso del Ministerio P\u00fablico en combatir el crimen organizado y proteger a la sociedad chilena.<\/p>\n","protected":false},"excerpt":{"rendered":"<p>La Unidad de Drogas y Alta Complejidad de la Fiscal\u00eda Regional de Tarapac\u00e1, junto con la Brigada Antinarc\u00f3tico y Crimen Organizado de Iquique, interceptaron una importante cargamento de drogas que inclu\u00eda m\u00e1s de dos mil kilos de marihuana, 27 kilos de coca\u00edna base y m\u00e1s de 6 kilos de clorhidrato de coca\u00edna<\/p>\n","protected":false},"author":2,"featured_media":13326,"comment_status":"closed","ping_status":"open","sticky":false,"template":"","format":"standard","meta":{"_jetpack_memberships_contains_paid_content":false,"jnews-multi-image_gallery":[],"jnews_single_post":[],"jnews_primary_category":[],"jnews_social_meta":[],"jnews_paywall_metabox":[],"jnews_review":[],"enable_review":"","type":"","name":"","summary":"","brand":"","sku":"","good":[],"bad":[],"score_override":"","override_value":"","rating":[],"price":[],"jnews_override_counter":[],"jnews_post_split":[],"footnotes":""},"categories":[21],"tags":[],"class_list":["post-13327","post","type-post","status-publish","format-standard","has-post-thumbnail","hentry","category-nacional"],"jetpack_featured_media_url":"https:\/\/laserenaradio.cl\/web\/wp-content\/uploads\/2025\/03\/homepiaiextractoscrapimg_webpkilosRegionaljuntodrogas_1.webp","jetpack_sharing_enabled":true,"_links":{"self":[{"href":"https:\/\/laserenaradio.cl\/web\/wp-json\/wp\/v2\/posts\/13327","targetHints":{"allow":["GET"]}}],"collection":[{"href":"https:\/\/laserenaradio.cl\/web\/wp-json\/wp\/v2\/posts"}],"about":[{"href":"https:\/\/laserenaradio.cl\/web\/wp-json\/wp\/v2\/types\/post"}],"author":[{"embeddable":true,"href":"https:\/\/laserenaradio.cl\/web\/wp-json\/wp\/v2\/users\/2"}],"replies":[{"embeddable":true,"href":"https:\/\/laserenaradio.cl\/web\/wp-json\/wp\/v2\/comments?post=13327"}],"version-history":[{"count":1,"href":"https:\/\/laserenaradio.cl\/web\/wp-json\/wp\/v2\/posts\/13327\/revisions"}],"predecessor-version":[{"id":13328,"href":"https:\/\/laserenaradio.cl\/web\/wp-json\/wp\/v2\/posts\/13327\/revisions\/13328"}],"wp:featuredmedia":[{"embeddable":true,"href":"https:\/\/laserenaradio.cl\/web\/wp-json\/wp\/v2\/media\/13326"}],"wp:attachment":[{"href":"https:\/\/laserenaradio.cl\/web\/wp-json\/wp\/v2\/media?parent=13327"}],"wp:term":[{"taxonomy":"category","embeddable":true,"href":"https:\/\/laserenaradio.cl\/web\/wp-json\/wp\/v2\/categories?post=13327"},{"taxonomy":"post_tag","embeddable":true,"href":"https:\/\/laserenaradio.cl\/web\/wp-json\/wp\/v2\/tags?post=13327"}],"curies":[{"name":"wp","href":"https:\/\/api.w.org\/{rel}","templated":true}]}}