{"id":13324,"date":"2025-03-17T20:42:16","date_gmt":"2025-03-17T23:42:16","guid":{"rendered":"https:\/\/laserenaradio.cl\/web\/?p=13324"},"modified":"2025-03-17T20:42:16","modified_gmt":"2025-03-17T23:42:16","slug":"tres-equipos-chilenos-conocieron-a-sus-rivales-en-la-fase-de-grupos-de-la-copa-sudamericana","status":"publish","type":"post","link":"https:\/\/laserenaradio.cl\/web\/2025\/03\/17\/tres-equipos-chilenos-conocieron-a-sus-rivales-en-la-fase-de-grupos-de-la-copa-sudamericana\/","title":{"rendered":"Tres equipos chilenos conocieron a sus rivales en la fase de grupos de la Copa Sudamericana"},"content":{"rendered":"<p><b>Este lunes 17 de marzo se realiz\u00f3 en Paraguay el sorteo de la fase de grupos de la Copa Sudamericana 2025, donde tres equipos chilenos conocieron a sus rivales<\/b><!--more-->.<\/p>\n<p>Palestino, Uni\u00f3n Espa\u00f1ola y Deportes Iquique ser\u00e1n los representantes de nuestro pa\u00eds en el cuadro grande del segundo certamen de importancia en el continente.<\/p>\n<p>El cuadro &#8216;\u00e1rabe&#8217; ser\u00e1 parte del Grupo E, donde se medir\u00e1 con Cruzeiro (Brasil), Uni\u00f3n de Santa Fe (Argentina) y Mushuc Runa (Ecuador). Los hispanos, por su parte, integran el Grupo F y jugar\u00e1n con Fluminense (Brasil), Once Caldas (Colombia) y Club San Jos\u00e9 (Bolivia). En tanto, los &#8216;Dragones Celestes&#8217; llegaron a esta instancia tras caer en la Fase 3 de la Copa Libertadores. Los nortinos aparecen en el Grupo H y chocar\u00e1n con Atl\u00e9tico Mineiro (Brasil), Caracas FC (Venezuela) y Cienciano (Per\u00fa).<\/p>\n<p>Un aspecto destacado de la ceremonia fue la participaci\u00f3n del \u00eddolo Jos\u00e9 &#8216;Pepe&#8217; Rojas, quien fue uno de los grandes campeones de la Universidad de Chile en 2011.<\/p>\n<p>Como parte de la ceremonia, Rojas tuvo el honor de participar activamente en el sorteo al ser el encargado de uno de los bolilleros.<\/p>\n","protected":false},"excerpt":{"rendered":"<p>Este lunes 17 de marzo se realiz\u00f3 en Paraguay el sorteo de la fase de grupos de la Copa Sudamericana 2025, donde tres equipos chilenos conocieron a sus rivales<\/p>\n","protected":false},"author":2,"featured_media":13323,"comment_status":"closed","ping_status":"open","sticky":false,"template":"","format":"standard","meta":{"_jetpack_memberships_contains_paid_content":false,"jnews-multi-image_gallery":[],"jnews_single_post":[],"jnews_primary_category":[],"jnews_social_meta":[],"jnews_paywall_metabox":[],"jnews_review":[],"enable_review":"","type":"","name":"","summary":"","brand":"","sku":"","good":[],"bad":[],"score_override":"","override_value":"","rating":[],"price":[],"jnews_override_counter":[],"jnews_post_split":[],"footnotes":""},"categories":[84],"tags":[],"class_list":["post-13324","post","type-post","status-publish","format-standard","has-post-thumbnail","hentry","category-deportes"],"jetpack_featured_media_url":"https:\/\/laserenaradio.cl\/web\/wp-content\/uploads\/2025\/03\/homepiaiextractoscrapimg_predeterminadalaserenaradio_deportes-3.webp","jetpack_sharing_enabled":true,"_links":{"self":[{"href":"https:\/\/laserenaradio.cl\/web\/wp-json\/wp\/v2\/posts\/13324","targetHints":{"allow":["GET"]}}],"collection":[{"href":"https:\/\/laserenaradio.cl\/web\/wp-json\/wp\/v2\/posts"}],"about":[{"href":"https:\/\/laserenaradio.cl\/web\/wp-json\/wp\/v2\/types\/post"}],"author":[{"embeddable":true,"href":"https:\/\/laserenaradio.cl\/web\/wp-json\/wp\/v2\/users\/2"}],"replies":[{"embeddable":true,"href":"https:\/\/laserenaradio.cl\/web\/wp-json\/wp\/v2\/comments?post=13324"}],"version-history":[{"count":1,"href":"https:\/\/laserenaradio.cl\/web\/wp-json\/wp\/v2\/posts\/13324\/revisions"}],"predecessor-version":[{"id":13325,"href":"https:\/\/laserenaradio.cl\/web\/wp-json\/wp\/v2\/posts\/13324\/revisions\/13325"}],"wp:featuredmedia":[{"embeddable":true,"href":"https:\/\/laserenaradio.cl\/web\/wp-json\/wp\/v2\/media\/13323"}],"wp:attachment":[{"href":"https:\/\/laserenaradio.cl\/web\/wp-json\/wp\/v2\/media?parent=13324"}],"wp:term":[{"taxonomy":"category","embeddable":true,"href":"https:\/\/laserenaradio.cl\/web\/wp-json\/wp\/v2\/categories?post=13324"},{"taxonomy":"post_tag","embeddable":true,"href":"https:\/\/laserenaradio.cl\/web\/wp-json\/wp\/v2\/tags?post=13324"}],"curies":[{"name":"wp","href":"https:\/\/api.w.org\/{rel}","templated":true}]}}