{"id":13321,"date":"2025-03-17T20:40:25","date_gmt":"2025-03-17T23:40:25","guid":{"rendered":"https:\/\/laserenaradio.cl\/web\/?p=13321"},"modified":"2025-03-17T20:40:25","modified_gmt":"2025-03-17T23:40:25","slug":"el-diputado-jaime-mulet-llama-al-fiscal-nacional-a-dar-un-paso-al-costado-ante-las-filtraciones","status":"publish","type":"post","link":"https:\/\/laserenaradio.cl\/web\/2025\/03\/17\/el-diputado-jaime-mulet-llama-al-fiscal-nacional-a-dar-un-paso-al-costado-ante-las-filtraciones\/","title":{"rendered":"El diputado Jaime Mulet llama al Fiscal Nacional a &#8216;dar un paso al costado&#8217; ante las filtraciones"},"content":{"rendered":"<p><b>El diputado Jaime Mulet, desde el recinto de la C\u00e1mara, se refiri\u00f3 a las recientes filtraciones en investigaciones, atribuyendo estas al di\u00e1logo conocido entre su colega Karol Cariola y Irac\u00ed Hassler, exalcaldesa de Santiago<\/b><!--more-->.<\/p>\n<p>Asegur\u00f3 que el fiscal nacional \u00c1ngel Valencia \u201cdebe dar un paso al costado\u201d por la gravedad de las recientes actividades del Ministerio P\u00fablico. Mulet argumenta que el deterioro en la imagen no solo de la justicia y del Ministerio P\u00fablico, sino tambi\u00e9n de instituciones, es preocupante.<\/p>\n<p>Subraya que estas filtraciones generan una situaci\u00f3n de incertidumbre compleja, afectando la democracia y las instituciones. Enfatiza que, incluso, se han visto situaciones personales comprometer la presidencia de la C\u00e1mara de Diputados.<\/p>\n<p>El parlamentario propone que el fiscal nacional renuncie para evitar conflictos entre los poderes del Estado legislativo y judicial. Explica que varios diputados est\u00e1n analizando c\u00f3mo recurrir a la Corte Suprema para solicitar su remoci\u00f3n, si es necesario. Sin embargo, reconoce que un gesto de nobleza podr\u00eda beneficiar m\u00e1s al pa\u00eds.<\/p>\n<p>Mulet concluye afirmando que el objetivo es buscar caminos para evitar conflictos entre los poderes del Estado y promover la transparencia en las investigaciones. Enfatiza que se trabajan en estos procedimientos pero prioriza la salvaguarda de la Rep\u00fablica, evitando una controversia innecesaria entre poderes estatales.<\/p>\n","protected":false},"excerpt":{"rendered":"<p>El diputado Jaime Mulet, desde el recinto de la C\u00e1mara, se refiri\u00f3 a las recientes filtraciones en investigaciones, atribuyendo estas al di\u00e1logo conocido entre su colega Karol Cariola y Irac\u00ed Hassler, exalcaldesa de Santiago<\/p>\n","protected":false},"author":2,"featured_media":13320,"comment_status":"closed","ping_status":"open","sticky":false,"template":"","format":"standard","meta":{"_jetpack_memberships_contains_paid_content":false,"jnews-multi-image_gallery":[],"jnews_single_post":[],"jnews_primary_category":[],"jnews_social_meta":[],"jnews_paywall_metabox":[],"jnews_review":[],"enable_review":"","type":"","name":"","summary":"","brand":"","sku":"","good":[],"bad":[],"score_override":"","override_value":"","rating":[],"price":[],"jnews_override_counter":[],"jnews_post_split":[],"footnotes":""},"categories":[83],"tags":[],"class_list":["post-13321","post","type-post","status-publish","format-standard","has-post-thumbnail","hentry","category-politica"],"jetpack_featured_media_url":"https:\/\/laserenaradio.cl\/web\/wp-content\/uploads\/2025\/03\/homepiaiextractoscrapimg_webpJaimeMulet_0.webp","jetpack_sharing_enabled":true,"_links":{"self":[{"href":"https:\/\/laserenaradio.cl\/web\/wp-json\/wp\/v2\/posts\/13321","targetHints":{"allow":["GET"]}}],"collection":[{"href":"https:\/\/laserenaradio.cl\/web\/wp-json\/wp\/v2\/posts"}],"about":[{"href":"https:\/\/laserenaradio.cl\/web\/wp-json\/wp\/v2\/types\/post"}],"author":[{"embeddable":true,"href":"https:\/\/laserenaradio.cl\/web\/wp-json\/wp\/v2\/users\/2"}],"replies":[{"embeddable":true,"href":"https:\/\/laserenaradio.cl\/web\/wp-json\/wp\/v2\/comments?post=13321"}],"version-history":[{"count":1,"href":"https:\/\/laserenaradio.cl\/web\/wp-json\/wp\/v2\/posts\/13321\/revisions"}],"predecessor-version":[{"id":13322,"href":"https:\/\/laserenaradio.cl\/web\/wp-json\/wp\/v2\/posts\/13321\/revisions\/13322"}],"wp:featuredmedia":[{"embeddable":true,"href":"https:\/\/laserenaradio.cl\/web\/wp-json\/wp\/v2\/media\/13320"}],"wp:attachment":[{"href":"https:\/\/laserenaradio.cl\/web\/wp-json\/wp\/v2\/media?parent=13321"}],"wp:term":[{"taxonomy":"category","embeddable":true,"href":"https:\/\/laserenaradio.cl\/web\/wp-json\/wp\/v2\/categories?post=13321"},{"taxonomy":"post_tag","embeddable":true,"href":"https:\/\/laserenaradio.cl\/web\/wp-json\/wp\/v2\/tags?post=13321"}],"curies":[{"name":"wp","href":"https:\/\/api.w.org\/{rel}","templated":true}]}}