{"id":13315,"date":"2025-03-17T20:29:54","date_gmt":"2025-03-17T23:29:54","guid":{"rendered":"https:\/\/laserenaradio.cl\/web\/?p=13315"},"modified":"2025-03-17T20:29:54","modified_gmt":"2025-03-17T23:29:54","slug":"jorge-almiron-lamentable-la-suspension-del-clasico-con-universidad-catolica","status":"publish","type":"post","link":"https:\/\/laserenaradio.cl\/web\/2025\/03\/17\/jorge-almiron-lamentable-la-suspension-del-clasico-con-universidad-catolica\/","title":{"rendered":"Jorge Almir\u00f3n: &#8220;Lamentable&#8221; la suspensi\u00f3n del cl\u00e1sico con Universidad Cat\u00f3lica"},"content":{"rendered":"<p><b>El entrenador de Colo Colo, Jorge Almir\u00f3n, expres\u00f3 su descontento tras la suspensi\u00f3n del cl\u00e1sico inicialmente programado para el 15 de marzo frente a Universidad Cat\u00f3lica<\/b><!--more-->.<\/p>\n<p>La raz\u00f3n de la postergaci\u00f3n fue una falta de cancha, lo que Almir\u00f3n considera &#8220;lamentable&#8221; y perjudicial para el f\u00fatbol chileno.<\/p>\n<p>Consultado por TNT Sports desde Paraguay, el ex DT de Boca Juniors afirm\u00f3 que espera que esta suspensi\u00f3n no interfiera en la agenda del &#8216;Cacique&#8217;, dado su compromiso en Copa Libertadores. &#8220;Espero que no&#8221;, dijo Almir\u00f3n, a\u00f1adiendo que los jugadores deben adaptarse y seguir trabajando, especialmente aquellos que est\u00e1n en la selecci\u00f3n.<\/p>\n<p>En un esfuerzo por mantener el foco en la competencia, Almir\u00f3n expres\u00f3 su esperanza de que se tomen medidas para evitar futuras suspensiones similares. &#8220;No est\u00e1 bien suspender un cl\u00e1sico por falta de cancha&#8221;, sentenci\u00f3, a\u00f1adiendo: &#8220;Hay muchos d\u00edas sin competencia y eso se hace complejo para el jugador&#8221;.<\/p>\n<p>En resumen, Almir\u00f3n extern\u00f3 su descontento por la suspensi\u00f3n del cl\u00e1sico y resalt\u00f3 la importancia de que los jugadores sigan trabajando, especialmente en competencias internacionales como la Copa Libertadores.<\/p>\n","protected":false},"excerpt":{"rendered":"<p>El entrenador de Colo Colo, Jorge Almir\u00f3n, expres\u00f3 su descontento tras la suspensi\u00f3n del cl\u00e1sico inicialmente programado para el 15 de marzo frente a Universidad Cat\u00f3lica<\/p>\n","protected":false},"author":2,"featured_media":13314,"comment_status":"closed","ping_status":"open","sticky":false,"template":"","format":"standard","meta":{"_jetpack_memberships_contains_paid_content":false,"jnews-multi-image_gallery":[],"jnews_single_post":[],"jnews_primary_category":[],"jnews_social_meta":[],"jnews_paywall_metabox":[],"jnews_review":[],"enable_review":"","type":"","name":"","summary":"","brand":"","sku":"","good":[],"bad":[],"score_override":"","override_value":"","rating":[],"price":[],"jnews_override_counter":[],"jnews_post_split":[],"footnotes":""},"categories":[84],"tags":[],"class_list":["post-13315","post","type-post","status-publish","format-standard","has-post-thumbnail","hentry","category-deportes"],"jetpack_featured_media_url":"https:\/\/laserenaradio.cl\/web\/wp-content\/uploads\/2025\/03\/homepiaiextractoscrapimg_webpCopaLibertadoresJorgedescontentoprogramado_0.webp","jetpack_sharing_enabled":true,"_links":{"self":[{"href":"https:\/\/laserenaradio.cl\/web\/wp-json\/wp\/v2\/posts\/13315","targetHints":{"allow":["GET"]}}],"collection":[{"href":"https:\/\/laserenaradio.cl\/web\/wp-json\/wp\/v2\/posts"}],"about":[{"href":"https:\/\/laserenaradio.cl\/web\/wp-json\/wp\/v2\/types\/post"}],"author":[{"embeddable":true,"href":"https:\/\/laserenaradio.cl\/web\/wp-json\/wp\/v2\/users\/2"}],"replies":[{"embeddable":true,"href":"https:\/\/laserenaradio.cl\/web\/wp-json\/wp\/v2\/comments?post=13315"}],"version-history":[{"count":1,"href":"https:\/\/laserenaradio.cl\/web\/wp-json\/wp\/v2\/posts\/13315\/revisions"}],"predecessor-version":[{"id":13316,"href":"https:\/\/laserenaradio.cl\/web\/wp-json\/wp\/v2\/posts\/13315\/revisions\/13316"}],"wp:featuredmedia":[{"embeddable":true,"href":"https:\/\/laserenaradio.cl\/web\/wp-json\/wp\/v2\/media\/13314"}],"wp:attachment":[{"href":"https:\/\/laserenaradio.cl\/web\/wp-json\/wp\/v2\/media?parent=13315"}],"wp:term":[{"taxonomy":"category","embeddable":true,"href":"https:\/\/laserenaradio.cl\/web\/wp-json\/wp\/v2\/categories?post=13315"},{"taxonomy":"post_tag","embeddable":true,"href":"https:\/\/laserenaradio.cl\/web\/wp-json\/wp\/v2\/tags?post=13315"}],"curies":[{"name":"wp","href":"https:\/\/api.w.org\/{rel}","templated":true}]}}