{"id":13312,"date":"2025-03-17T20:25:09","date_gmt":"2025-03-17T23:25:09","guid":{"rendered":"https:\/\/laserenaradio.cl\/web\/?p=13312"},"modified":"2025-03-17T20:25:09","modified_gmt":"2025-03-17T23:25:09","slug":"la-cruda-realidad-del-futbol-chileno-segun-christiane-endler","status":"publish","type":"post","link":"https:\/\/laserenaradio.cl\/web\/2025\/03\/17\/la-cruda-realidad-del-futbol-chileno-segun-christiane-endler\/","title":{"rendered":"La cruda realidad del f\u00fatbol chileno, seg\u00fan Christiane Endler"},"content":{"rendered":"<p><b>Christiane Endler, ganadora del The Best FIFA en 2021 y campeona de la Champions League con Olympique de Lyon en 2022, se pronunci\u00f3 contra la ANFP durante su participaci\u00f3n en el show &#8216;La Ley de Murphy&#8217;<\/b><!--more-->.<\/p>\n<p>La guardameta, que tiene una tensa relaci\u00f3n con el ente desde anunci\u00f3 su retiro de La Roja femenina en octubre de 2023, critic\u00f3 duramente a la asociaci\u00f3n amateur y sin experiencia en gesti\u00f3n deportiva. &#8220;Es una asociaci\u00f3n muy amateur, est\u00e1n a cargo de personas sin conocimientos adecuados&#8221;, afirm\u00f3 Endler.<\/p>\n<p>Durante el programa, la ex jugadora de Colo Colo, Everton, Valencia y PSG destac\u00f3 que solo una peque\u00f1a parte del presupuesto finaliza en beneficio de La Roja o en las instalaciones. &#8220;Lo que queda de la plata que entra, poco va a la selecci\u00f3n, poco va al desarrollo del f\u00fatbol&#8221;, a\u00f1adi\u00f3, haciendo un llamado para una reforma estructural en el f\u00fatbol chileno.<\/p>\n<p>Endler ya lleva un a\u00f1o y medio sin defender el arco de La Roja tras su participaci\u00f3n en el Mundial de Francia 2019. Su retiro antes de la final de los Juegos Panamericanos de Santiago 2023 no ha calmando las cr\u00edticas hacia la ANFP.<\/p>\n","protected":false},"excerpt":{"rendered":"<p>Christiane Endler, ganadora del The Best FIFA en 2021 y campeona de la Champions League con Olympique de Lyon en 2022, se pronunci\u00f3 contra la ANFP durante su participaci\u00f3n en el show &#8216;La Ley de Murphy&#8217;<\/p>\n","protected":false},"author":2,"featured_media":13311,"comment_status":"closed","ping_status":"open","sticky":false,"template":"","format":"standard","meta":{"_jetpack_memberships_contains_paid_content":false,"jnews-multi-image_gallery":[],"jnews_single_post":[],"jnews_primary_category":[],"jnews_social_meta":[],"jnews_paywall_metabox":[],"jnews_review":[],"enable_review":"","type":"","name":"","summary":"","brand":"","sku":"","good":[],"bad":[],"score_override":"","override_value":"","rating":[],"price":[],"jnews_override_counter":[],"jnews_post_split":[],"footnotes":""},"categories":[84],"tags":[],"class_list":["post-13312","post","type-post","status-publish","format-standard","has-post-thumbnail","hentry","category-deportes"],"jetpack_featured_media_url":"https:\/\/laserenaradio.cl\/web\/wp-content\/uploads\/2025\/03\/homepiaiextractoscrapimg_webpChristianeEndler_0.webp","jetpack_sharing_enabled":true,"_links":{"self":[{"href":"https:\/\/laserenaradio.cl\/web\/wp-json\/wp\/v2\/posts\/13312","targetHints":{"allow":["GET"]}}],"collection":[{"href":"https:\/\/laserenaradio.cl\/web\/wp-json\/wp\/v2\/posts"}],"about":[{"href":"https:\/\/laserenaradio.cl\/web\/wp-json\/wp\/v2\/types\/post"}],"author":[{"embeddable":true,"href":"https:\/\/laserenaradio.cl\/web\/wp-json\/wp\/v2\/users\/2"}],"replies":[{"embeddable":true,"href":"https:\/\/laserenaradio.cl\/web\/wp-json\/wp\/v2\/comments?post=13312"}],"version-history":[{"count":1,"href":"https:\/\/laserenaradio.cl\/web\/wp-json\/wp\/v2\/posts\/13312\/revisions"}],"predecessor-version":[{"id":13313,"href":"https:\/\/laserenaradio.cl\/web\/wp-json\/wp\/v2\/posts\/13312\/revisions\/13313"}],"wp:featuredmedia":[{"embeddable":true,"href":"https:\/\/laserenaradio.cl\/web\/wp-json\/wp\/v2\/media\/13311"}],"wp:attachment":[{"href":"https:\/\/laserenaradio.cl\/web\/wp-json\/wp\/v2\/media?parent=13312"}],"wp:term":[{"taxonomy":"category","embeddable":true,"href":"https:\/\/laserenaradio.cl\/web\/wp-json\/wp\/v2\/categories?post=13312"},{"taxonomy":"post_tag","embeddable":true,"href":"https:\/\/laserenaradio.cl\/web\/wp-json\/wp\/v2\/tags?post=13312"}],"curies":[{"name":"wp","href":"https:\/\/api.w.org\/{rel}","templated":true}]}}