{"id":13309,"date":"2025-03-17T20:20:41","date_gmt":"2025-03-17T23:20:41","guid":{"rendered":"https:\/\/laserenaradio.cl\/web\/?p=13309"},"modified":"2025-03-17T20:20:41","modified_gmt":"2025-03-17T23:20:41","slug":"la-diputada-camila-flores-insiste-en-reinstaurar-la-pena-de-muerte-en-chile","status":"publish","type":"post","link":"https:\/\/laserenaradio.cl\/web\/2025\/03\/17\/la-diputada-camila-flores-insiste-en-reinstaurar-la-pena-de-muerte-en-chile\/","title":{"rendered":"La diputada Camila Flores insiste en reinstaurar la pena de muerte en Chile"},"content":{"rendered":"<p><b>La diputada Camila Flores volvi\u00f3 a insitir en la reinstauraci\u00f3n de la pena de muerte en Chile, tras la petici\u00f3n de Evelyn Matthei (UDI).<\/b><!--more-->.<\/p>\n<p>Seg\u00fan Flores, no es nada nuevo que el actual gobierno se horrorice cuando hablan de esta medida. &#8220;No se horrorizan cuando hablan de aborto libre, una forma de matar a un inocente antes de nacer&#8221;, enfatiz\u00f3 la parlamentaria.<\/p>\n<p>Flores record\u00f3 su proyecto de 2018 y destac\u00f3 que la pena de muerte sigue existiendo en la legislaci\u00f3n militar. &#8220;Yo siempre he sido favorable a esta medida, present\u00e9 un proyecto para reinstalarla&#8221;, explic\u00f3. Sin embargo, reconoci\u00f3 los obst\u00e1culos internacionales, argumentando que Chile podr\u00eda renunciar a tratados que dificultan su implementaci\u00f3n.<\/p>\n<p>La diputada critic\u00f3 lo que considera una hipocres\u00eda en ciertos sectores pol\u00edticos y sociales: &#8220;Cuando se habla del aborto, que es una forma de pena de muerte, los mismos que hoy dicen no a la reinstauraci\u00f3n, son favorables. Pero cuando se trata de delincuentes que violan e matan ni\u00f1os peque\u00f1os, piensan en los derechos humanos de esos delincuentes&#8221;, concluy\u00f3 Flores.<\/p>\n<p>Flores argument\u00f3 que para determinados delitos muy espec\u00edficos y particulares, como la violaci\u00f3n de lactantes con resultado de muerte, debe haber una pena de muerte en Chile.<\/p>\n","protected":false},"excerpt":{"rendered":"<p>La diputada Camila Flores volvi\u00f3 a insitir en la reinstauraci\u00f3n de la pena de muerte en Chile, tras la petici\u00f3n de Evelyn Matthei (UDI).<\/p>\n","protected":false},"author":2,"featured_media":13308,"comment_status":"closed","ping_status":"open","sticky":false,"template":"","format":"standard","meta":{"_jetpack_memberships_contains_paid_content":false,"jnews-multi-image_gallery":[],"jnews_single_post":[],"jnews_primary_category":[],"jnews_social_meta":[],"jnews_paywall_metabox":[],"jnews_review":[],"enable_review":"","type":"","name":"","summary":"","brand":"","sku":"","good":[],"bad":[],"score_override":"","override_value":"","rating":[],"price":[],"jnews_override_counter":[],"jnews_post_split":[],"footnotes":""},"categories":[83],"tags":[],"class_list":["post-13309","post","type-post","status-publish","format-standard","has-post-thumbnail","hentry","category-politica"],"jetpack_featured_media_url":"https:\/\/laserenaradio.cl\/web\/wp-content\/uploads\/2025\/03\/homepiaiextractoscrapimg_predeterminadalaserenaradio_politica-9.webp","jetpack_sharing_enabled":true,"_links":{"self":[{"href":"https:\/\/laserenaradio.cl\/web\/wp-json\/wp\/v2\/posts\/13309","targetHints":{"allow":["GET"]}}],"collection":[{"href":"https:\/\/laserenaradio.cl\/web\/wp-json\/wp\/v2\/posts"}],"about":[{"href":"https:\/\/laserenaradio.cl\/web\/wp-json\/wp\/v2\/types\/post"}],"author":[{"embeddable":true,"href":"https:\/\/laserenaradio.cl\/web\/wp-json\/wp\/v2\/users\/2"}],"replies":[{"embeddable":true,"href":"https:\/\/laserenaradio.cl\/web\/wp-json\/wp\/v2\/comments?post=13309"}],"version-history":[{"count":1,"href":"https:\/\/laserenaradio.cl\/web\/wp-json\/wp\/v2\/posts\/13309\/revisions"}],"predecessor-version":[{"id":13310,"href":"https:\/\/laserenaradio.cl\/web\/wp-json\/wp\/v2\/posts\/13309\/revisions\/13310"}],"wp:featuredmedia":[{"embeddable":true,"href":"https:\/\/laserenaradio.cl\/web\/wp-json\/wp\/v2\/media\/13308"}],"wp:attachment":[{"href":"https:\/\/laserenaradio.cl\/web\/wp-json\/wp\/v2\/media?parent=13309"}],"wp:term":[{"taxonomy":"category","embeddable":true,"href":"https:\/\/laserenaradio.cl\/web\/wp-json\/wp\/v2\/categories?post=13309"},{"taxonomy":"post_tag","embeddable":true,"href":"https:\/\/laserenaradio.cl\/web\/wp-json\/wp\/v2\/tags?post=13309"}],"curies":[{"name":"wp","href":"https:\/\/api.w.org\/{rel}","templated":true}]}}