{"id":13306,"date":"2025-03-17T17:16:32","date_gmt":"2025-03-17T20:16:32","guid":{"rendered":"https:\/\/laserenaradio.cl\/web\/?p=13306"},"modified":"2025-03-17T17:16:32","modified_gmt":"2025-03-17T20:16:32","slug":"la-investigacion-por-desaparicion-de-dirigenta-indigena-continua-sin-resultados","status":"publish","type":"post","link":"https:\/\/laserenaradio.cl\/web\/2025\/03\/17\/la-investigacion-por-desaparicion-de-dirigenta-indigena-continua-sin-resultados\/","title":{"rendered":"La investigaci\u00f3n por desaparici\u00f3n de dirigenta ind\u00edgena contin\u00faa sin resultados"},"content":{"rendered":"<p><b>Para el Gobierno de Gabriel Boric, a\u00fan no se ha acreditado ning\u00fan delito por la desaparici\u00f3n de Julia Chu\u00f1il, dirigenta ind\u00edgena y presidenta de la comunidad Putreguel en Huichaco Sur, casi cuatro meses despu\u00e9s de su desaparici\u00f3n. La <a href=\"https:\/\/dprlosrios.dpr.gob.cl\/\">Delegaci\u00f3n Presidencial de Los R\u00edos<\/a> afirm\u00f3 que como Ejecutivo no son parte de la causa, por el momento.<\/b><\/p>\n<p>La querella criminal contra Julia Chu\u00f1il y todos quienes resulten responsables por los delitos de secuestro, homicidio y femicidio patrocinada por Escaz\u00fa Ahora ha generado preocupaci\u00f3n nacional e incluso internacional. El Presidente Gabriel Boric hab\u00eda indicado que no iban a aflojar en la b\u00fasqueda de la l\u00edder ind\u00edgena.<\/p>\n<p>La ONG Escaz\u00fa Ahora a\u00fan no recibe la carpeta investigativa, lo cual podr\u00eda ocurrir la pr\u00f3xima semana. La entidad solicit\u00f3 el reconocimiento de Julia Chu\u00f1il como defensora ambiental por custodiar 900 hect\u00e1reas de bosque nativo y pidi\u00f3 que se adopten protocolos para fortalecer la investigaci\u00f3n.<\/p>\n<p>La familia de Julia Chu\u00f1il, madre de cinco hijos y abuela de diez nietos, pide justicia ante las amenazas en contra.<\/p>\n<p>El Ministerio de Medio Ambiente en Los R\u00edos indic\u00f3 que la <a href=\"https:\/\/www.fiscaliadechile.cl\/\">Fiscal\u00eda<\/a> dio el reconocimiento de facto al aplicar en la indagaci\u00f3n penal el protocolo de defensores de derechos humanos ambientales.<\/p>\n<p>El delegado presidencial, Jorge Alvial, sostuvo que seguir\u00e1n apoyando al ente persecutor para el \u00e9xito de la investigaci\u00f3n.<\/p>\n<p>Recientemente, hubo una revisi\u00f3n policial en la casa de Julia Chu\u00f1il con dispositivos tecnol\u00f3gicos, despu\u00e9s del hallazgo de una mancha de sangre en el lugar.<\/p>\n","protected":false},"excerpt":{"rendered":"<p>Para el Gobierno de Gabriel Boric, a\u00fan no se ha acreditado ning\u00fan delito por la desaparici\u00f3n de Julia Chu\u00f1il, dirigenta ind\u00edgena y presidenta de la comunidad Putreguel en Huichaco Sur, casi cuatro meses despu\u00e9s de su desaparici\u00f3n. La Delegaci\u00f3n Presidencial de Los R\u00edos afirm\u00f3 que como Ejecutivo no son parte de la causa, por el [&hellip;]<\/p>\n","protected":false},"author":2,"featured_media":13305,"comment_status":"closed","ping_status":"open","sticky":false,"template":"","format":"standard","meta":{"_jetpack_memberships_contains_paid_content":false,"jnews-multi-image_gallery":[],"jnews_single_post":[],"jnews_primary_category":[],"jnews_social_meta":[],"jnews_paywall_metabox":[],"jnews_review":[],"enable_review":"","type":"","name":"","summary":"","brand":"","sku":"","good":[],"bad":[],"score_override":"","override_value":"","rating":[],"price":[],"jnews_override_counter":[],"jnews_post_split":[],"footnotes":""},"categories":[21],"tags":[],"class_list":["post-13306","post","type-post","status-publish","format-standard","has-post-thumbnail","hentry","category-nacional"],"jetpack_featured_media_url":"https:\/\/laserenaradio.cl\/web\/wp-content\/uploads\/2025\/03\/homepiaiextractoscrapimg_predeterminadalaserenaradio_nacional-25.webp","jetpack_sharing_enabled":true,"_links":{"self":[{"href":"https:\/\/laserenaradio.cl\/web\/wp-json\/wp\/v2\/posts\/13306","targetHints":{"allow":["GET"]}}],"collection":[{"href":"https:\/\/laserenaradio.cl\/web\/wp-json\/wp\/v2\/posts"}],"about":[{"href":"https:\/\/laserenaradio.cl\/web\/wp-json\/wp\/v2\/types\/post"}],"author":[{"embeddable":true,"href":"https:\/\/laserenaradio.cl\/web\/wp-json\/wp\/v2\/users\/2"}],"replies":[{"embeddable":true,"href":"https:\/\/laserenaradio.cl\/web\/wp-json\/wp\/v2\/comments?post=13306"}],"version-history":[{"count":1,"href":"https:\/\/laserenaradio.cl\/web\/wp-json\/wp\/v2\/posts\/13306\/revisions"}],"predecessor-version":[{"id":13307,"href":"https:\/\/laserenaradio.cl\/web\/wp-json\/wp\/v2\/posts\/13306\/revisions\/13307"}],"wp:featuredmedia":[{"embeddable":true,"href":"https:\/\/laserenaradio.cl\/web\/wp-json\/wp\/v2\/media\/13305"}],"wp:attachment":[{"href":"https:\/\/laserenaradio.cl\/web\/wp-json\/wp\/v2\/media?parent=13306"}],"wp:term":[{"taxonomy":"category","embeddable":true,"href":"https:\/\/laserenaradio.cl\/web\/wp-json\/wp\/v2\/categories?post=13306"},{"taxonomy":"post_tag","embeddable":true,"href":"https:\/\/laserenaradio.cl\/web\/wp-json\/wp\/v2\/tags?post=13306"}],"curies":[{"name":"wp","href":"https:\/\/api.w.org\/{rel}","templated":true}]}}