{"id":13303,"date":"2025-03-17T17:08:19","date_gmt":"2025-03-17T20:08:19","guid":{"rendered":"https:\/\/laserenaradio.cl\/web\/?p=13303"},"modified":"2025-03-17T17:08:19","modified_gmt":"2025-03-17T20:08:19","slug":"rivas-la-renuncia-de-cariola-es-un-golpe-a-la-democracia","status":"publish","type":"post","link":"https:\/\/laserenaradio.cl\/web\/2025\/03\/17\/rivas-la-renuncia-de-cariola-es-un-golpe-a-la-democracia\/","title":{"rendered":"Rivas: &#8220;La renuncia de Cariola es un golpe a la democracia&#8221;"},"content":{"rendered":"<p><b>Diputado Rivas asumir\u00e1 presidencia tras renuncia de Cariola por supuesta operaci\u00f3n medi\u00e1tica. En entrevista con Podr\u00eda ser Peor, Gaspar Rivas (Ind) manifest\u00f3 que no esperaba la renuncia de Karol Cariola (PC), pero califica su nombramiento como un honor<\/b><!--more-->.<\/p>\n<p>Rivas explic\u00f3 que pensaba que Cariola &#8220;iba a mantenerse firme, como siempre; y no caer en el juego de provocaci\u00f3n por parte de la oposici\u00f3n&#8221;. Sin embargo, comprende la situaci\u00f3n delicada que est\u00e1 pasando.<\/p>\n<p>El diputado valor\u00f3 la decisi\u00f3n de Cariola, consider\u00e1ndo &#8220;enriquecedora&#8221; su nuevo rol en la mesa directiva. Tambi\u00e9n critic\u00f3 a la oposici\u00f3n por haber aprovechado el momento para realizar una &#8220;zancadilla&#8221;.<\/p>\n<p>Rivas se\u00f1al\u00f3 que el cambio en la mesa est\u00e1 proyectado para abril, por lo que en este breve periodo no se espera grandes modificaciones. <\/p>\n<p>La renuncia de Cariola fue aceptada en la sesi\u00f3n de hoy y debe ser ratificada en la pr\u00f3xima, con una votaci\u00f3n prevista para el 7 de abril.<\/p>\n","protected":false},"excerpt":{"rendered":"<p>Diputado Rivas asumir\u00e1 presidencia tras renuncia de Cariola por supuesta operaci\u00f3n medi\u00e1tica. En entrevista con Podr\u00eda ser Peor, Gaspar Rivas (Ind) manifest\u00f3 que no esperaba la renuncia de Karol Cariola (PC), pero califica su nombramiento como un honor<\/p>\n","protected":false},"author":2,"featured_media":13302,"comment_status":"closed","ping_status":"open","sticky":false,"template":"","format":"standard","meta":{"_jetpack_memberships_contains_paid_content":false,"jnews-multi-image_gallery":[],"jnews_single_post":[],"jnews_primary_category":[],"jnews_social_meta":[],"jnews_paywall_metabox":[],"jnews_review":[],"enable_review":"","type":"","name":"","summary":"","brand":"","sku":"","good":[],"bad":[],"score_override":"","override_value":"","rating":[],"price":[],"jnews_override_counter":[],"jnews_post_split":[],"footnotes":""},"categories":[83],"tags":[],"class_list":["post-13303","post","type-post","status-publish","format-standard","has-post-thumbnail","hentry","category-politica"],"jetpack_featured_media_url":"https:\/\/laserenaradio.cl\/web\/wp-content\/uploads\/2025\/03\/homepiaiextractoscrapimg_webpCariolarenunciaRivasentrevista_0.webp","jetpack_sharing_enabled":true,"_links":{"self":[{"href":"https:\/\/laserenaradio.cl\/web\/wp-json\/wp\/v2\/posts\/13303","targetHints":{"allow":["GET"]}}],"collection":[{"href":"https:\/\/laserenaradio.cl\/web\/wp-json\/wp\/v2\/posts"}],"about":[{"href":"https:\/\/laserenaradio.cl\/web\/wp-json\/wp\/v2\/types\/post"}],"author":[{"embeddable":true,"href":"https:\/\/laserenaradio.cl\/web\/wp-json\/wp\/v2\/users\/2"}],"replies":[{"embeddable":true,"href":"https:\/\/laserenaradio.cl\/web\/wp-json\/wp\/v2\/comments?post=13303"}],"version-history":[{"count":1,"href":"https:\/\/laserenaradio.cl\/web\/wp-json\/wp\/v2\/posts\/13303\/revisions"}],"predecessor-version":[{"id":13304,"href":"https:\/\/laserenaradio.cl\/web\/wp-json\/wp\/v2\/posts\/13303\/revisions\/13304"}],"wp:featuredmedia":[{"embeddable":true,"href":"https:\/\/laserenaradio.cl\/web\/wp-json\/wp\/v2\/media\/13302"}],"wp:attachment":[{"href":"https:\/\/laserenaradio.cl\/web\/wp-json\/wp\/v2\/media?parent=13303"}],"wp:term":[{"taxonomy":"category","embeddable":true,"href":"https:\/\/laserenaradio.cl\/web\/wp-json\/wp\/v2\/categories?post=13303"},{"taxonomy":"post_tag","embeddable":true,"href":"https:\/\/laserenaradio.cl\/web\/wp-json\/wp\/v2\/tags?post=13303"}],"curies":[{"name":"wp","href":"https:\/\/api.w.org\/{rel}","templated":true}]}}