{"id":13300,"date":"2025-03-17T17:01:20","date_gmt":"2025-03-17T20:01:20","guid":{"rendered":"https:\/\/laserenaradio.cl\/web\/?p=13300"},"modified":"2025-03-17T17:01:20","modified_gmt":"2025-03-17T20:01:20","slug":"la-actualidad-del-futbol-chileno-palestino-vencio-a-nublense-y-se-llevo-el-liderato-de-la-tabla","status":"publish","type":"post","link":"https:\/\/laserenaradio.cl\/web\/2025\/03\/17\/la-actualidad-del-futbol-chileno-palestino-vencio-a-nublense-y-se-llevo-el-liderato-de-la-tabla\/","title":{"rendered":"La actualidad del f\u00fatbol chileno: Palestino venci\u00f3 a \u00d1ublense y se llev\u00f3 el liderato de la tabla."},"content":{"rendered":"<p><b>Palestino se alz\u00f3 como l\u00edder de la liga chilena tras vencer este domingo por 2-0 a \u00d1ublense, marcando un hito en su quinta fecha y aprovechando los empates de Coquimbo Unido y Audax Italiano<\/b><!--more-->.<\/p>\n<p>El triunfo del &#8216;Tino&#8217; se materializ\u00f3 gracias a goles de Junior Marabel al finalizar el primer tiempo y Antonio Ceza, un defensa joven de 22 a\u00f1os, en la conclusi\u00f3n del partido disputado en su estadio La Cisterna.<\/p>\n<p>Esta victoria pone a Palestino en primera posici\u00f3n con 12 puntos, mientras que \u00d1ublense cae al d\u00e9cimo segundo puesto.<\/p>\n<p>Audax Italiano se coloca en el cuarto lugar tras un empate 1-1 contra Universidad de Chile.<\/p>\n<p>La jornada tambi\u00e9n fue marcada por la violencia de barristas y la suspensi\u00f3n del cl\u00e1sico entre los cruzados y Colo Colo, lo que benefici\u00f3 a los universitarios al bajar solamente un puesto hasta el octavo. El actual campe\u00f3n chileno se encuentra en und\u00e9cimo lugar.<\/p>\n<p>En otros partidos, Cobresal empat\u00f3 0-0 con O&#8217;Higgins para ocupar la quinta plaza de la clasificaci\u00f3n, mientras que la Uni\u00f3n La Calera venci\u00f3 a Universidad Cat\u00f3lica por 1-0.<\/p>\n<p>Tambi\u00e9n destacaron los goles del argentino Lucas De Yorio y Joe Abrigo, quien comparte el liderato en goleo junto a Lionel Altamirano.<\/p>\n<p>La liga chilena tendr\u00e1 un descanso de 10 d\u00edas debido a las eliminatorias sudamericanas para el Mundial 2026.<\/p>\n<p>La pr\u00f3xima fecha comenzar\u00e1 el jueves 27 con los partidos entre Colo Colo y Universidad de Chile, que debutar\u00e1n en la primera semana de abril en la Copa Libertadores.<\/p>\n","protected":false},"excerpt":{"rendered":"<p>Palestino se alz\u00f3 como l\u00edder de la liga chilena tras vencer este domingo por 2-0 a \u00d1ublense, marcando un hito en su quinta fecha y aprovechando los empates de Coquimbo Unido y Audax Italiano<\/p>\n","protected":false},"author":2,"featured_media":13299,"comment_status":"closed","ping_status":"open","sticky":false,"template":"","format":"standard","meta":{"_jetpack_memberships_contains_paid_content":false,"jnews-multi-image_gallery":[],"jnews_single_post":[],"jnews_primary_category":[],"jnews_social_meta":[],"jnews_paywall_metabox":[],"jnews_review":[],"enable_review":"","type":"","name":"","summary":"","brand":"","sku":"","good":[],"bad":[],"score_override":"","override_value":"","rating":[],"price":[],"jnews_override_counter":[],"jnews_post_split":[],"footnotes":""},"categories":[84],"tags":[],"class_list":["post-13300","post","type-post","status-publish","format-standard","has-post-thumbnail","hentry","category-deportes"],"jetpack_featured_media_url":"https:\/\/laserenaradio.cl\/web\/wp-content\/uploads\/2025\/03\/homepiaiextractoscrapimg_webpPalestinoNublense_1.webp","jetpack_sharing_enabled":true,"_links":{"self":[{"href":"https:\/\/laserenaradio.cl\/web\/wp-json\/wp\/v2\/posts\/13300","targetHints":{"allow":["GET"]}}],"collection":[{"href":"https:\/\/laserenaradio.cl\/web\/wp-json\/wp\/v2\/posts"}],"about":[{"href":"https:\/\/laserenaradio.cl\/web\/wp-json\/wp\/v2\/types\/post"}],"author":[{"embeddable":true,"href":"https:\/\/laserenaradio.cl\/web\/wp-json\/wp\/v2\/users\/2"}],"replies":[{"embeddable":true,"href":"https:\/\/laserenaradio.cl\/web\/wp-json\/wp\/v2\/comments?post=13300"}],"version-history":[{"count":1,"href":"https:\/\/laserenaradio.cl\/web\/wp-json\/wp\/v2\/posts\/13300\/revisions"}],"predecessor-version":[{"id":13301,"href":"https:\/\/laserenaradio.cl\/web\/wp-json\/wp\/v2\/posts\/13300\/revisions\/13301"}],"wp:featuredmedia":[{"embeddable":true,"href":"https:\/\/laserenaradio.cl\/web\/wp-json\/wp\/v2\/media\/13299"}],"wp:attachment":[{"href":"https:\/\/laserenaradio.cl\/web\/wp-json\/wp\/v2\/media?parent=13300"}],"wp:term":[{"taxonomy":"category","embeddable":true,"href":"https:\/\/laserenaradio.cl\/web\/wp-json\/wp\/v2\/categories?post=13300"},{"taxonomy":"post_tag","embeddable":true,"href":"https:\/\/laserenaradio.cl\/web\/wp-json\/wp\/v2\/tags?post=13300"}],"curies":[{"name":"wp","href":"https:\/\/api.w.org\/{rel}","templated":true}]}}