{"id":13297,"date":"2025-03-17T09:40:18","date_gmt":"2025-03-17T12:40:18","guid":{"rendered":"https:\/\/laserenaradio.cl\/web\/?p=13297"},"modified":"2025-03-17T09:40:18","modified_gmt":"2025-03-17T12:40:18","slug":"un-hombre-resulta-apunalado-y-su-hijo-maltratado-en-asalto-en-valle-lo-campino","status":"publish","type":"post","link":"https:\/\/laserenaradio.cl\/web\/2025\/03\/17\/un-hombre-resulta-apunalado-y-su-hijo-maltratado-en-asalto-en-valle-lo-campino\/","title":{"rendered":"Un hombre resulta apu\u00f1alado y su hijo maltratado en asalto en Valle Lo Campino"},"content":{"rendered":"<p><b>Un hombre result\u00f3 apu\u00f1alado durante un asalto ocurrido contra su domicilio en el sector de Valle Lo Campino, Quilicura<\/b><!--more-->.<\/p>\n<p>La noticia fue reportada por Radio B\u00edo B\u00edo y detalla que la v\u00edctima, Patricio Valderrama, de 75 a\u00f1os, se despert\u00f3 a las 4:00 de la ma\u00f1ana cuando dos sujetos a rostro descubierto lo atacaron mientras estaba acostado. &#8220;Le grit\u00e9 a mi hijo, que estaba en el segundo piso. Los tipos salieron y se encontraron con mi hijo, quien sufri\u00f3 m\u00faltiples heridas con una cuchilla&#8221;, relat\u00f3 Valderrama. \u00c9l mismo recibi\u00f3 golpes de pu\u00f1o y patadas, pero logr\u00f3 defenderse utilizando un palo guardado junto a su cama.<\/p>\n<p>Los delincuentes tomaron las llaves de los veh\u00edculos tanto de Patricio como de su hijo, pero finalmente solo se llevaron la camioneta BMW con la patente KJDL68.<\/p>\n<p>Valderrama afirm\u00f3 que fueron tres los asaltantes, ya que, seg\u00fan sus declaraciones, &#8220;cuando salieron dos a enfrentarse, vimos que la camioneta estaba en movimiento y supuestamente hab\u00eda otro tipo y otro veh\u00edculo&#8221;.<\/p>\n<p>Finalmente, el afectado critic\u00f3 la respuesta del personal policial. &#8220;<a href=\"https:\/\/www.carabineros.cl\/\">Carabineros<\/a> se demor\u00f3 aproximadamente 40 minutos en llegar. Vino un suboficial de <a href=\"https:\/\/www.carabineros.cl\/\">Carabineros<\/a>, me dijo que iba a venir otro destacamento a tomarme la denuncia\u2026 Esto ha tenido mucha demora&#8221;, indic\u00f3 Valderrama.<\/p>\n<p>Este incidente resalta el peligro y la inseguridad que a\u00fan persisten en algunas zonas residenciales de Chile, as\u00ed como la necesidad de un mejor tiempo de respuesta por parte de las autoridades.<\/p>\n","protected":false},"excerpt":{"rendered":"<p>Un hombre result\u00f3 apu\u00f1alado durante un asalto ocurrido contra su domicilio en el sector de Valle Lo Campino, Quilicura<\/p>\n","protected":false},"author":2,"featured_media":13296,"comment_status":"closed","ping_status":"open","sticky":false,"template":"","format":"standard","meta":{"_jetpack_memberships_contains_paid_content":false,"jnews-multi-image_gallery":[],"jnews_single_post":[],"jnews_primary_category":[],"jnews_social_meta":[],"jnews_paywall_metabox":[],"jnews_review":[],"enable_review":"","type":"","name":"","summary":"","brand":"","sku":"","good":[],"bad":[],"score_override":"","override_value":"","rating":[],"price":[],"jnews_override_counter":[],"jnews_post_split":[],"footnotes":""},"categories":[21],"tags":[],"class_list":["post-13297","post","type-post","status-publish","format-standard","has-post-thumbnail","hentry","category-nacional"],"jetpack_featured_media_url":"https:\/\/laserenaradio.cl\/web\/wp-content\/uploads\/2025\/03\/homepiaiextractoscrapimg_predeterminadalaserenaradio_nacional-24.webp","jetpack_sharing_enabled":true,"_links":{"self":[{"href":"https:\/\/laserenaradio.cl\/web\/wp-json\/wp\/v2\/posts\/13297","targetHints":{"allow":["GET"]}}],"collection":[{"href":"https:\/\/laserenaradio.cl\/web\/wp-json\/wp\/v2\/posts"}],"about":[{"href":"https:\/\/laserenaradio.cl\/web\/wp-json\/wp\/v2\/types\/post"}],"author":[{"embeddable":true,"href":"https:\/\/laserenaradio.cl\/web\/wp-json\/wp\/v2\/users\/2"}],"replies":[{"embeddable":true,"href":"https:\/\/laserenaradio.cl\/web\/wp-json\/wp\/v2\/comments?post=13297"}],"version-history":[{"count":1,"href":"https:\/\/laserenaradio.cl\/web\/wp-json\/wp\/v2\/posts\/13297\/revisions"}],"predecessor-version":[{"id":13298,"href":"https:\/\/laserenaradio.cl\/web\/wp-json\/wp\/v2\/posts\/13297\/revisions\/13298"}],"wp:featuredmedia":[{"embeddable":true,"href":"https:\/\/laserenaradio.cl\/web\/wp-json\/wp\/v2\/media\/13296"}],"wp:attachment":[{"href":"https:\/\/laserenaradio.cl\/web\/wp-json\/wp\/v2\/media?parent=13297"}],"wp:term":[{"taxonomy":"category","embeddable":true,"href":"https:\/\/laserenaradio.cl\/web\/wp-json\/wp\/v2\/categories?post=13297"},{"taxonomy":"post_tag","embeddable":true,"href":"https:\/\/laserenaradio.cl\/web\/wp-json\/wp\/v2\/tags?post=13297"}],"curies":[{"name":"wp","href":"https:\/\/api.w.org\/{rel}","templated":true}]}}