{"id":13294,"date":"2025-03-17T09:37:43","date_gmt":"2025-03-17T12:37:43","guid":{"rendered":"https:\/\/laserenaradio.cl\/web\/?p=13294"},"modified":"2025-03-17T09:37:43","modified_gmt":"2025-03-17T12:37:43","slug":"el-diputado-gaspar-rivas-asumira-como-presidente-de-la-camara-baja","status":"publish","type":"post","link":"https:\/\/laserenaradio.cl\/web\/2025\/03\/17\/el-diputado-gaspar-rivas-asumira-como-presidente-de-la-camara-baja\/","title":{"rendered":"El diputado Gaspar Rivas asumir\u00e1 como presidente de la C\u00e1mara Baja"},"content":{"rendered":"<p><b>El diputado Gaspar Rivas asumir\u00e1 la presidencia accidental de la C\u00e1mara Baja tras la renuncia anticipada de Karol Cariola a la testera, en un escenario incierto generado por las cr\u00edticas y el conflicto pol\u00edtico<\/b><!--more-->.<\/p>\n<p>Cariola, parlamentaria comunista, anunci\u00f3 su renuncia a trav\u00e9s de un comunicado, acusando a la oposici\u00f3n de buscar ventajas pol\u00edticas a su costa durante una controversia judicial que la ha puesto en el centro del debate p\u00fablico. La diputada oficialista defendi\u00f3 su gesti\u00f3n y cuestion\u00f3 las intenciones detr\u00e1s de los ataques a su liderazgo. &#8220;He decidido adelantar algunos d\u00edas mi renuncia como Presidenta de la C\u00e1mara, una tarea que ha constituido un gran honor para m\u00ed&#8221;, indic\u00f3 Cariola.<\/p>\n<p>El oficialismo respald\u00f3 su decisi\u00f3n, mientras que el sector opositor valor\u00f3 su salida y manifest\u00f3 que su per\u00edodo en la presidencia &#8220;no daba para m\u00e1s&#8221;. Sin embargo, esta renuncia plantea incertidumbre sobre la continuaci\u00f3n de la Mesa Directiva, cuyo presidente era Cariola, junto a los diputados Gaspar Rivas y Eric Aedo.<\/p>\n<p>La secretar\u00eda de la C\u00e1mara recibir\u00e1 la renuncia durante la ma\u00f1ana del lunes para someterla a votaci\u00f3n en la Sala a las 17:00 horas. Entre tanto, se esperan 45 horas hasta el lunes 24 de marzo para aprobarla y otras 45 horas adicionales para elegir una nueva mesa directiva.<\/p>\n<p>Dada la proximidad de estas fechas, Rivas asumir\u00e1 las funciones de &#8220;presidente accidental&#8221; durante este per\u00edodo. Esta situaci\u00f3n tambi\u00e9n plantea preguntas sobre el futuro de Rivas y Aedo, quienes no han presentado su renuncia oficial.<\/p>\n<p>Seg\u00fan la jerarqu\u00eda, Rivas podr\u00eda continuar en el cargo hasta que sea elegida la nueva mesa directiva, reflejando la costumbre de mantener las sesiones bajo esta circunstancia.<\/p>\n<p>En este contexto pol\u00edtico tumultuoso, se espera que otros miembros tambi\u00e9n presenten sus renuncias para uniformar los tiempos y reconfigurar la estructura de la C\u00e1mara Baja.<\/p>\n","protected":false},"excerpt":{"rendered":"<p>El diputado Gaspar Rivas asumir\u00e1 la presidencia accidental de la C\u00e1mara Baja tras la renuncia anticipada de Karol Cariola a la testera, en un escenario incierto generado por las cr\u00edticas y el conflicto pol\u00edtico<\/p>\n","protected":false},"author":2,"featured_media":13293,"comment_status":"closed","ping_status":"open","sticky":false,"template":"","format":"standard","meta":{"_jetpack_memberships_contains_paid_content":false,"jnews-multi-image_gallery":[],"jnews_single_post":[],"jnews_primary_category":[],"jnews_social_meta":[],"jnews_paywall_metabox":[],"jnews_review":[],"enable_review":"","type":"","name":"","summary":"","brand":"","sku":"","good":[],"bad":[],"score_override":"","override_value":"","rating":[],"price":[],"jnews_override_counter":[],"jnews_post_split":[],"footnotes":""},"categories":[83],"tags":[],"class_list":["post-13294","post","type-post","status-publish","format-standard","has-post-thumbnail","hentry","category-politica"],"jetpack_featured_media_url":"https:\/\/laserenaradio.cl\/web\/wp-content\/uploads\/2025\/03\/homepiaiextractoscrapimg_webpGasparRivas_0.webp","jetpack_sharing_enabled":true,"_links":{"self":[{"href":"https:\/\/laserenaradio.cl\/web\/wp-json\/wp\/v2\/posts\/13294","targetHints":{"allow":["GET"]}}],"collection":[{"href":"https:\/\/laserenaradio.cl\/web\/wp-json\/wp\/v2\/posts"}],"about":[{"href":"https:\/\/laserenaradio.cl\/web\/wp-json\/wp\/v2\/types\/post"}],"author":[{"embeddable":true,"href":"https:\/\/laserenaradio.cl\/web\/wp-json\/wp\/v2\/users\/2"}],"replies":[{"embeddable":true,"href":"https:\/\/laserenaradio.cl\/web\/wp-json\/wp\/v2\/comments?post=13294"}],"version-history":[{"count":1,"href":"https:\/\/laserenaradio.cl\/web\/wp-json\/wp\/v2\/posts\/13294\/revisions"}],"predecessor-version":[{"id":13295,"href":"https:\/\/laserenaradio.cl\/web\/wp-json\/wp\/v2\/posts\/13294\/revisions\/13295"}],"wp:featuredmedia":[{"embeddable":true,"href":"https:\/\/laserenaradio.cl\/web\/wp-json\/wp\/v2\/media\/13293"}],"wp:attachment":[{"href":"https:\/\/laserenaradio.cl\/web\/wp-json\/wp\/v2\/media?parent=13294"}],"wp:term":[{"taxonomy":"category","embeddable":true,"href":"https:\/\/laserenaradio.cl\/web\/wp-json\/wp\/v2\/categories?post=13294"},{"taxonomy":"post_tag","embeddable":true,"href":"https:\/\/laserenaradio.cl\/web\/wp-json\/wp\/v2\/tags?post=13294"}],"curies":[{"name":"wp","href":"https:\/\/api.w.org\/{rel}","templated":true}]}}