{"id":13291,"date":"2025-03-17T07:33:02","date_gmt":"2025-03-17T10:33:02","guid":{"rendered":"https:\/\/laserenaradio.cl\/web\/?p=13291"},"modified":"2025-03-17T07:33:02","modified_gmt":"2025-03-17T10:33:02","slug":"carlos-palacios-el-olvido-de-gareca-no-afecto-a-la-joya-que-fue-clave-en-goleada-de-boca-juniors","status":"publish","type":"post","link":"https:\/\/laserenaradio.cl\/web\/2025\/03\/17\/carlos-palacios-el-olvido-de-gareca-no-afecto-a-la-joya-que-fue-clave-en-goleada-de-boca-juniors\/","title":{"rendered":"Carlos Palacios: El olvido de Gareca no afect\u00f3 a la &#8216;Joya&#8217;, que fue clave en goleada de Boca Juniors"},"content":{"rendered":"<p><b>El delantero chileno Carlos Palacios brill\u00f3 como nunca en el triunfo de Boca Juniors sobre Defensa y Justicia, marcando un nuevo hito en su carrera<\/b><!--more-->.<\/p>\n<p>A pesar de ser dejado fuera por Ricardo Gareca para los partidos eliminatorios, el &#8220;Joya&#8221; se impuso con una destacada actuaci\u00f3n.<\/p>\n<p>Su presencia fue fundamental en la victoria contundente 4-0, donde tambi\u00e9n brillaron Edinson Cavani y Miguel Merentiel.<\/p>\n<p>Las anotaciones del encuentro comenzaron con Milton Gim\u00e9nez, quien exhibi\u00f3 dos valiosos goles, impulsados por asistencias precisas de Palacios.<\/p>\n<p>Luego, el propio Gim\u00e9nez volvi\u00f3 a brillar en un movimiento coordinado con el &#8220;Joya&#8221;, logrando un nuevo gol al final del primer tiempo.<\/p>\n<p>En la segunda parte, la participaci\u00f3n de Miguel Merentiel fue crucial.<\/p>\n<p>Con la ayuda de un pase inteligente de Franco Blondel, el delantero aprovech\u00f3 la espalda defensiva visitante para completar la goleada.<\/p>\n<p>La victoria no solo fortaleci\u00f3 a Boca Juniors en el Torneo Apertura, sino que tambi\u00e9n dej\u00f3 una impresi\u00f3n duradera con su sexta consecutiva en los \u00faltimos partidos.<\/p>\n<p>Esta gloria resalta la importancia y el valor continuo de Carlos Palacios para el equipo, demuestra que sus cualidades no son pasajeras ni afectadas por decisiones de \u00faltimo momento de t\u00e9cnicos.<\/p>\n","protected":false},"excerpt":{"rendered":"<p>El delantero chileno Carlos Palacios brill\u00f3 como nunca en el triunfo de Boca Juniors sobre Defensa y Justicia, marcando un nuevo hito en su carrera<\/p>\n","protected":false},"author":2,"featured_media":13290,"comment_status":"closed","ping_status":"open","sticky":false,"template":"","format":"standard","meta":{"_jetpack_memberships_contains_paid_content":false,"jnews-multi-image_gallery":[],"jnews_single_post":[],"jnews_primary_category":[],"jnews_social_meta":[],"jnews_paywall_metabox":[],"jnews_review":[],"enable_review":"","type":"","name":"","summary":"","brand":"","sku":"","good":[],"bad":[],"score_override":"","override_value":"","rating":[],"price":[],"jnews_override_counter":[],"jnews_post_split":[],"footnotes":""},"categories":[84],"tags":[],"class_list":["post-13291","post","type-post","status-publish","format-standard","has-post-thumbnail","hentry","category-deportes"],"jetpack_featured_media_url":"https:\/\/laserenaradio.cl\/web\/wp-content\/uploads\/2025\/03\/homepiaiextractoscrapimg_webpCarlosPalaciosBocaJuniorsJoyadelantero_0.webp","jetpack_sharing_enabled":true,"_links":{"self":[{"href":"https:\/\/laserenaradio.cl\/web\/wp-json\/wp\/v2\/posts\/13291","targetHints":{"allow":["GET"]}}],"collection":[{"href":"https:\/\/laserenaradio.cl\/web\/wp-json\/wp\/v2\/posts"}],"about":[{"href":"https:\/\/laserenaradio.cl\/web\/wp-json\/wp\/v2\/types\/post"}],"author":[{"embeddable":true,"href":"https:\/\/laserenaradio.cl\/web\/wp-json\/wp\/v2\/users\/2"}],"replies":[{"embeddable":true,"href":"https:\/\/laserenaradio.cl\/web\/wp-json\/wp\/v2\/comments?post=13291"}],"version-history":[{"count":1,"href":"https:\/\/laserenaradio.cl\/web\/wp-json\/wp\/v2\/posts\/13291\/revisions"}],"predecessor-version":[{"id":13292,"href":"https:\/\/laserenaradio.cl\/web\/wp-json\/wp\/v2\/posts\/13291\/revisions\/13292"}],"wp:featuredmedia":[{"embeddable":true,"href":"https:\/\/laserenaradio.cl\/web\/wp-json\/wp\/v2\/media\/13290"}],"wp:attachment":[{"href":"https:\/\/laserenaradio.cl\/web\/wp-json\/wp\/v2\/media?parent=13291"}],"wp:term":[{"taxonomy":"category","embeddable":true,"href":"https:\/\/laserenaradio.cl\/web\/wp-json\/wp\/v2\/categories?post=13291"},{"taxonomy":"post_tag","embeddable":true,"href":"https:\/\/laserenaradio.cl\/web\/wp-json\/wp\/v2\/tags?post=13291"}],"curies":[{"name":"wp","href":"https:\/\/api.w.org\/{rel}","templated":true}]}}