{"id":13288,"date":"2025-03-16T20:29:43","date_gmt":"2025-03-16T23:29:43","guid":{"rendered":"https:\/\/laserenaradio.cl\/web\/?p=13288"},"modified":"2025-03-16T20:29:43","modified_gmt":"2025-03-16T23:29:43","slug":"la-investigacion-sobre-el-prestamo-del-arbol-de-navidad-a-la-moneda","status":"publish","type":"post","link":"https:\/\/laserenaradio.cl\/web\/2025\/03\/16\/la-investigacion-sobre-el-prestamo-del-arbol-de-navidad-a-la-moneda\/","title":{"rendered":"La investigaci\u00f3n sobre el pr\u00e9stamo del \u00e1rbol de Navidad a La Moneda"},"content":{"rendered":"<p><b>El alcalde de Santiago, Mario Desbordes, solicit\u00f3 informaci\u00f3n a los departamentos internos del municipio sobre el pr\u00e9stamo del \u00e1rbol de Navidad entregado por un \u201camigo\u201d a la municipalidad capitalina<\/b><!--more-->.<\/p>\n<p>Seg\u00fan chats filtrados entre la diputada comunista Karol Cariola y la exalcaldesa Irac\u00ed Hassler, el \u00e1rbol y el pesebre fueron prestados por una empresa chilena dedicada a publicidad de gran escala: la Sociedad Productora de Eventos y Entretenimientos Leao S.A. Esta empresa ha tenido antecedentes judiciales irregulares en la obtenci\u00f3n de permisos municipales.<\/p>\n<p>Inicialmente, se vincul\u00f3 esta gesti\u00f3n con el empresario chino Bo Yang, pero las investigaciones ahora apuntan a una empresa local. En uno de los mensajes, Cariola menciona a un empresario del rubro publicitario que apoy\u00f3 su campa\u00f1a y que quer\u00eda \u201capoyar\u201d a la comuna. A partir de esto, Hassler solicit\u00f3 a su colaborador Jorge C\u00e1rcamo, alias &#8220;Juanito Gonz\u00e1lez&#8221;, que se contactara con el &#8220;amigo&#8221; empresario para discutir la posibilidad de instalar el \u00e1rbol.<\/p>\n<p>Sumado a ello y a pesar de la aprobaci\u00f3n del comodato, el contrato firmado no ha sido encontrado en los registros oficiales. Esto podr\u00eda llevar a nuevas implicancias legales contra Hassler, quien intent\u00f3 desvincularse de cualquier relaci\u00f3n con el misterioso &#8220;amigo&#8221;. En respuesta, Desbordes solicit\u00f3 informaci\u00f3n a todos los departamentos internos del municipio.<\/p>\n<p>El diputado de Renovaci\u00f3n Nacional, Miguel Mellado, y el congresista de la Federaci\u00f3n Regionalista Verde Social, Jaime Mulet, coincidieron en la necesidad de investigar a fondo el caso. Ambos advirtieron que estas empresas suelen asesorar campa\u00f1as pol\u00edticas, lo que podr\u00eda revelar nuevos conflictos de inter\u00e9s.<\/p>\n<p>En respuesta, la exjefa edilicia Irac\u00ed Hassler defendi\u00f3 la legalidad de la instalaci\u00f3n del pol\u00e9mico \u00e1rbol, asegurando en su cuenta de X que \u201cest\u00e1 todo en regla\u201d e incluyendo el decreto como evidencia.<\/p>\n","protected":false},"excerpt":{"rendered":"<p>El alcalde de Santiago, Mario Desbordes, solicit\u00f3 informaci\u00f3n a los departamentos internos del municipio sobre el pr\u00e9stamo del \u00e1rbol de Navidad entregado por un \u201camigo\u201d a la municipalidad capitalina<\/p>\n","protected":false},"author":2,"featured_media":13287,"comment_status":"closed","ping_status":"open","sticky":false,"template":"","format":"standard","meta":{"_jetpack_memberships_contains_paid_content":false,"jnews-multi-image_gallery":[],"jnews_single_post":[],"jnews_primary_category":[],"jnews_social_meta":[],"jnews_paywall_metabox":[],"jnews_review":[],"enable_review":"","type":"","name":"","summary":"","brand":"","sku":"","good":[],"bad":[],"score_override":"","override_value":"","rating":[],"price":[],"jnews_override_counter":[],"jnews_post_split":[],"footnotes":""},"categories":[83],"tags":[],"class_list":["post-13288","post","type-post","status-publish","format-standard","has-post-thumbnail","hentry","category-politica"],"jetpack_featured_media_url":"https:\/\/laserenaradio.cl\/web\/wp-content\/uploads\/2025\/03\/homepiaiextractoscrapimg_predeterminadalaserenaradio_politica-8.webp","jetpack_sharing_enabled":true,"_links":{"self":[{"href":"https:\/\/laserenaradio.cl\/web\/wp-json\/wp\/v2\/posts\/13288","targetHints":{"allow":["GET"]}}],"collection":[{"href":"https:\/\/laserenaradio.cl\/web\/wp-json\/wp\/v2\/posts"}],"about":[{"href":"https:\/\/laserenaradio.cl\/web\/wp-json\/wp\/v2\/types\/post"}],"author":[{"embeddable":true,"href":"https:\/\/laserenaradio.cl\/web\/wp-json\/wp\/v2\/users\/2"}],"replies":[{"embeddable":true,"href":"https:\/\/laserenaradio.cl\/web\/wp-json\/wp\/v2\/comments?post=13288"}],"version-history":[{"count":1,"href":"https:\/\/laserenaradio.cl\/web\/wp-json\/wp\/v2\/posts\/13288\/revisions"}],"predecessor-version":[{"id":13289,"href":"https:\/\/laserenaradio.cl\/web\/wp-json\/wp\/v2\/posts\/13288\/revisions\/13289"}],"wp:featuredmedia":[{"embeddable":true,"href":"https:\/\/laserenaradio.cl\/web\/wp-json\/wp\/v2\/media\/13287"}],"wp:attachment":[{"href":"https:\/\/laserenaradio.cl\/web\/wp-json\/wp\/v2\/media?parent=13288"}],"wp:term":[{"taxonomy":"category","embeddable":true,"href":"https:\/\/laserenaradio.cl\/web\/wp-json\/wp\/v2\/categories?post=13288"},{"taxonomy":"post_tag","embeddable":true,"href":"https:\/\/laserenaradio.cl\/web\/wp-json\/wp\/v2\/tags?post=13288"}],"curies":[{"name":"wp","href":"https:\/\/api.w.org\/{rel}","templated":true}]}}